{"id":4958,"date":"2024-01-29T14:43:22","date_gmt":"2024-01-29T13:43:22","guid":{"rendered":"https:\/\/zsce.pl\/?p=4958"},"modified":"2024-01-29T14:43:22","modified_gmt":"2024-01-29T13:43:22","slug":"zmarla-pani-irena-nehring-badziukiewicz","status":"publish","type":"post","link":"https:\/\/zsce.pl\/?p=4958","title":{"rendered":"Zmar\u0142a Pani Irena Nehring-Badziukiewicz"},"content":{"rendered":"<p><img loading=\"lazy\" decoding=\"async\" class=\"alignnone  wp-image-4959 aligncenter\" src=\"https:\/\/zsce.pl\/wp-content\/uploads\/2024\/01\/nekrolog.png\" alt=\"\" width=\"536\" height=\"235\" srcset=\"https:\/\/zsce.pl\/wp-content\/uploads\/2024\/01\/nekrolog.png 993w, https:\/\/zsce.pl\/wp-content\/uploads\/2024\/01\/nekrolog-660x289.png 660w, https:\/\/zsce.pl\/wp-content\/uploads\/2024\/01\/nekrolog-840x368.png 840w, https:\/\/zsce.pl\/wp-content\/uploads\/2024\/01\/nekrolog-768x336.png 768w\" sizes=\"auto, (max-width: 536px) 100vw, 536px\" \/><\/p>\n<p style=\"text-align: center;\"><strong>Z przykro\u015bci\u0105 zawiadamiamy, <\/strong><\/p>\n<p style=\"text-align: center;\"><strong>\u017ce zmar\u0142a Pani Irena Nehring-Badziukiewicz \u2013 wieloletni nauczyciel i wychowawca wielu pokole\u0144 m\u0142odzie\u017cy <\/strong><\/p>\n<p style=\"text-align: center;\"><strong>oraz w latach 1985 \u2013 1991 Wicedyrektor Zespo\u0142u Szk\u00f3\u0142 Zawodowych MZRiP im. Ignacego \u0141ukasiewicza <\/strong><\/p>\n<p style=\"text-align: center;\"><strong>(obecnie Zesp\u00f3\u0142 Szk\u00f3\u0142 Centrum Edukacji im. Ignacego \u0141ukasiewicza).<\/strong><\/p>\n<p style=\"text-align: center;\"><strong><br \/>\nUroczysto\u015bci pogrzebowe odb\u0119d\u0105 si\u0119 w pi\u0105tek 2 lutego 2024 r. o godz. 13:00 <\/strong><\/p>\n<p style=\"text-align: center;\"><strong>w Kaplicy na cmentarzu przy Al. F. Kobyli\u0144skiego w P\u0142ocku.<\/strong><\/p>\n","protected":false},"excerpt":{"rendered":"<p>Z przykro\u015bci\u0105 zawiadamiamy, \u017ce zmar\u0142a Pani Irena Nehring-Badziukiewicz \u2013 wieloletni nauczyciel i wychowawca wielu pokole\u0144 m\u0142odzie\u017cy oraz w latach 1985 \u2013 1991 Wicedyrektor Zespo\u0142u Szk\u00f3\u0142 Zawodowych MZRiP im. Ignacego \u0141ukasiewicza (obecnie Zesp\u00f3\u0142 Szk\u00f3\u0142 Centrum Edukacji im. Ignacego \u0141ukasiewicza). Uroczysto\u015bci pogrzebowe odb\u0119d\u0105 si\u0119 w pi\u0105tek 2 lutego 2024 r. o godz. 13:00 w Kaplicy na cmentarzu przy Al. F. Kobyli\u0144skiego w&hellip;<\/p>\n","protected":false},"author":8,"featured_media":0,"comment_status":"closed","ping_status":"closed","sticky":false,"template":"","format":"standard","meta":{"footnotes":""},"categories":[3],"tags":[],"class_list":["post-4958","post","type-post","status-publish","format-standard","hentry","category-aktualnosci"],"_links":{"self":[{"href":"https:\/\/zsce.pl\/index.php?rest_route=\/wp\/v2\/posts\/4958","targetHints":{"allow":["GET"]}}],"collection":[{"href":"https:\/\/zsce.pl\/index.php?rest_route=\/wp\/v2\/posts"}],"about":[{"href":"https:\/\/zsce.pl\/index.php?rest_route=\/wp\/v2\/types\/post"}],"author":[{"embeddable":true,"href":"https:\/\/zsce.pl\/index.php?rest_route=\/wp\/v2\/users\/8"}],"replies":[{"embeddable":true,"href":"https:\/\/zsce.pl\/index.php?rest_route=%2Fwp%2Fv2%2Fcomments&post=4958"}],"version-history":[{"count":2,"href":"https:\/\/zsce.pl\/index.php?rest_route=\/wp\/v2\/posts\/4958\/revisions"}],"predecessor-version":[{"id":4961,"href":"https:\/\/zsce.pl\/index.php?rest_route=\/wp\/v2\/posts\/4958\/revisions\/4961"}],"wp:attachment":[{"href":"https:\/\/zsce.pl\/index.php?rest_route=%2Fwp%2Fv2%2Fmedia&parent=4958"}],"wp:term":[{"taxonomy":"category","embeddable":true,"href":"https:\/\/zsce.pl\/index.php?rest_route=%2Fwp%2Fv2%2Fcategories&post=4958"},{"taxonomy":"post_tag","embeddable":true,"href":"https:\/\/zsce.pl\/index.php?rest_route=%2Fwp%2Fv2%2Ftags&post=4958"}],"curies":[{"name":"wp","href":"https:\/\/api.w.org\/{rel}","templated":true}]}}