{"id":4307,"date":"2022-06-22T13:36:27","date_gmt":"2022-06-22T12:36:27","guid":{"rendered":"https:\/\/zsce.pl\/?p=4307"},"modified":"2022-06-23T10:18:45","modified_gmt":"2022-06-23T09:18:45","slug":"organizacja-zakonczenia-roku-szkolnego-2021-2022","status":"publish","type":"post","link":"https:\/\/zsce.pl\/?p=4307","title":{"rendered":"Organizacja zako\u0144czenia roku szkolnego 2021\/2022"},"content":{"rendered":"<p style=\"text-align: center;\"><strong><span style=\"font-size: 14pt; font-family: arial, helvetica, sans-serif;\">Uroczysto\u015b\u0107 zako\u0144czenia roku szkolnego 2021\/2022 odb\u0119dzie si\u0119 24 czerwca 2022 r. o godz. 9:00 w Auli Szko\u0142y.<\/span><\/strong><br \/>\n<strong><span style=\"font-family: arial, helvetica, sans-serif; font-size: 14pt;\">Bior\u0105 w niej udzia\u0142 uczniowie klas pierwszych V LO i Technikum oraz uczniowie klas starszych,<br \/>\nkt\u00f3rzy otrzymuj\u0105 nagrody ksi\u0105\u017ckowe.<\/span><\/strong><\/p>\n<p style=\"margin: 0cm; text-align: center;\" align=\"center\"><span style=\"font-family: arial, helvetica, sans-serif; font-size: 14pt;\">Uczniowie zajmuj\u0105 miejsca w Auli Szko\u0142y w nast\u0119puj\u0105cym porz\u0105dku:<br \/>\n<img loading=\"lazy\" decoding=\"async\" class=\"alignnone wp-image-4319\" src=\"https:\/\/zsce.pl\/wp-content\/uploads\/2022\/06\/aula_miejsca.jpg\" alt=\"\" width=\"565\" height=\"700\" srcset=\"https:\/\/zsce.pl\/wp-content\/uploads\/2022\/06\/aula_miejsca.jpg 627w, https:\/\/zsce.pl\/wp-content\/uploads\/2022\/06\/aula_miejsca-295x365.jpg 295w\" sizes=\"auto, (max-width: 565px) 100vw, 565px\" \/><br \/>\n<\/span><\/p>\n<p style=\"text-align: center;\" align=\"center\">\n<p style=\"text-align: center;\"><span style=\"font-size: 14pt; font-family: arial, helvetica, sans-serif;\">Uczniowie klas pierwszych V Liceum Og\u00f3lnokszta\u0142c\u0105cego i Technikum<\/span><br \/>\n<span style=\"font-family: arial, helvetica, sans-serif;\"><span style=\"font-size: 14pt;\">spotykaj\u0105 si\u0119 z wychowawcami klas w nast\u0119puj\u0105cych salach <\/span><span style=\"font-size: 14pt;\">po zako\u0144czeniu uroczysto\u015bci w Auli<\/span><\/span><\/p>\n<p style=\"text-align: center;\"><img loading=\"lazy\" decoding=\"async\" class=\"alignnone size-full wp-image-4311\" src=\"https:\/\/zsce.pl\/wp-content\/uploads\/2022\/06\/klasy_pierwsze.jpg\" alt=\"\" width=\"320\" height=\"287\" \/><\/p>\n<p style=\"text-align: center;\"><span style=\"font-size: 14pt; font-family: arial, helvetica, sans-serif;\">Uczniowie klas drugich i trzecich V Liceum Og\u00f3lnokszta\u0142c\u0105cego i Technikum spotykaj\u0105 si\u0119 z wychowawcami klas<br \/>\nwg poni\u017cszego harmonogramu<\/span><\/p>\n<p style=\"text-align: center;\"><strong><img loading=\"lazy\" decoding=\"async\" class=\"aligncenter wp-image-4312 size-full\" src=\"https:\/\/zsce.pl\/wp-content\/uploads\/2022\/06\/klasy_drugie.jpg\" alt=\"\" width=\"442\" height=\"451\" srcset=\"https:\/\/zsce.pl\/wp-content\/uploads\/2022\/06\/klasy_drugie.jpg 442w, https:\/\/zsce.pl\/wp-content\/uploads\/2022\/06\/klasy_drugie-358x365.jpg 358w\" sizes=\"auto, (max-width: 442px) 100vw, 442px\" \/><\/strong><\/p>\n","protected":false},"excerpt":{"rendered":"<p>Uroczysto\u015b\u0107 zako\u0144czenia roku szkolnego 2021\/2022 odb\u0119dzie si\u0119 24 czerwca 2022 r. o godz. 9:00 w Auli Szko\u0142y. Bior\u0105 w niej udzia\u0142 uczniowie klas pierwszych V LO i Technikum oraz uczniowie klas starszych, kt\u00f3rzy otrzymuj\u0105 nagrody ksi\u0105\u017ckowe. Uczniowie zajmuj\u0105 miejsca w Auli Szko\u0142y w nast\u0119puj\u0105cym porz\u0105dku: Uczniowie klas pierwszych V Liceum Og\u00f3lnokszta\u0142c\u0105cego i Technikum spotykaj\u0105 si\u0119 z wychowawcami klas w nast\u0119puj\u0105cych&hellip;<\/p>\n","protected":false},"author":1,"featured_media":0,"comment_status":"closed","ping_status":"closed","sticky":false,"template":"","format":"standard","meta":{"footnotes":""},"categories":[3],"tags":[],"class_list":["post-4307","post","type-post","status-publish","format-standard","hentry","category-aktualnosci"],"_links":{"self":[{"href":"https:\/\/zsce.pl\/index.php?rest_route=\/wp\/v2\/posts\/4307","targetHints":{"allow":["GET"]}}],"collection":[{"href":"https:\/\/zsce.pl\/index.php?rest_route=\/wp\/v2\/posts"}],"about":[{"href":"https:\/\/zsce.pl\/index.php?rest_route=\/wp\/v2\/types\/post"}],"author":[{"embeddable":true,"href":"https:\/\/zsce.pl\/index.php?rest_route=\/wp\/v2\/users\/1"}],"replies":[{"embeddable":true,"href":"https:\/\/zsce.pl\/index.php?rest_route=%2Fwp%2Fv2%2Fcomments&post=4307"}],"version-history":[{"count":9,"href":"https:\/\/zsce.pl\/index.php?rest_route=\/wp\/v2\/posts\/4307\/revisions"}],"predecessor-version":[{"id":4320,"href":"https:\/\/zsce.pl\/index.php?rest_route=\/wp\/v2\/posts\/4307\/revisions\/4320"}],"wp:attachment":[{"href":"https:\/\/zsce.pl\/index.php?rest_route=%2Fwp%2Fv2%2Fmedia&parent=4307"}],"wp:term":[{"taxonomy":"category","embeddable":true,"href":"https:\/\/zsce.pl\/index.php?rest_route=%2Fwp%2Fv2%2Fcategories&post=4307"},{"taxonomy":"post_tag","embeddable":true,"href":"https:\/\/zsce.pl\/index.php?rest_route=%2Fwp%2Fv2%2Ftags&post=4307"}],"curies":[{"name":"wp","href":"https:\/\/api.w.org\/{rel}","templated":true}]}}