{"id":3781,"date":"2021-09-27T21:14:41","date_gmt":"2021-09-27T20:14:41","guid":{"rendered":"http:\/\/zsce.pl\/?p=3781"},"modified":"2021-09-28T21:18:38","modified_gmt":"2021-09-28T20:18:38","slug":"zebranie-rady-rodzicow","status":"publish","type":"post","link":"https:\/\/zsce.pl\/?p=3781","title":{"rendered":"Zebranie Rady Rodzic\u00f3w"},"content":{"rendered":"<div class=\"entry-content\">\n<p style=\"text-align: justify;\"><strong>Drodzy Rodzice!<\/strong><\/p>\n<p style=\"text-align: justify;\">Serdecznie zapraszamy Pa\u0144stwa na Zebranie Rady Rodzic\u00f3w, kt\u00f3re odb\u0119dzie si\u0119 w dniu <strong>4 pa\u017adziernika 2021 r.<\/strong> (poniedzia\u0142ek) o godzinie <strong>16.00<\/strong> w Auli Zespo\u0142u Szk\u00f3\u0142 Centrum Edukacji im. Ignacego \u0141ukasiewicza.<\/p>\n<p style=\"text-align: justify;\"><em>Do zobaczenia!<\/em><\/p>\n<p>&nbsp;<\/p>\n<\/div>\n<hr \/>\n<p style=\"text-align: justify;\">Przed wej\u015bciem do budynku szko\u0142y nale\u017cy zdezynfekowa\u0107 r\u0119ce z u\u017cyciem \u015brodka dezynfekuj\u0105cego.<br \/>\nPrzed Aul\u0105 nale\u017cy przebywa\u0107 z twarz\u0105 zas\u0142oni\u0119t\u0105 maseczk\u0105 ochronn\u0105.<br \/>\nNa terenie Zespo\u0142u Szk\u00f3\u0142 Centrum Edukacji im. Ignacego \u0141ukasiewicza nale\u017cy stosowa\u0107 si\u0119 do obowi\u0105zuj\u0105cych <strong><a href=\"http:\/\/zsce.pl\/?page_id=3551\" target=\"_blank\" rel=\"noopener noreferrer\">procedur<\/a><\/strong> zwi\u0105zanych z zachowaniem bezpiecze\u0144stwa przed zaka\u017ceniem si\u0119 koronawirusem.<\/p>\n","protected":false},"excerpt":{"rendered":"<p>Drodzy Rodzice! Serdecznie zapraszamy Pa\u0144stwa na Zebranie Rady Rodzic\u00f3w, kt\u00f3re odb\u0119dzie si\u0119 w dniu 4 pa\u017adziernika 2021 r. (poniedzia\u0142ek) o godzinie 16.00 w Auli Zespo\u0142u Szk\u00f3\u0142 Centrum Edukacji im. Ignacego \u0141ukasiewicza. Do zobaczenia! &nbsp; Przed wej\u015bciem do budynku szko\u0142y nale\u017cy zdezynfekowa\u0107 r\u0119ce z u\u017cyciem \u015brodka dezynfekuj\u0105cego. Przed Aul\u0105 nale\u017cy przebywa\u0107 z twarz\u0105 zas\u0142oni\u0119t\u0105 maseczk\u0105 ochronn\u0105. Na terenie Zespo\u0142u Szk\u00f3\u0142 Centrum&hellip;<\/p>\n","protected":false},"author":1,"featured_media":0,"comment_status":"closed","ping_status":"closed","sticky":false,"template":"","format":"standard","meta":{"footnotes":""},"categories":[3],"tags":[],"class_list":["post-3781","post","type-post","status-publish","format-standard","hentry","category-aktualnosci"],"_links":{"self":[{"href":"https:\/\/zsce.pl\/index.php?rest_route=\/wp\/v2\/posts\/3781","targetHints":{"allow":["GET"]}}],"collection":[{"href":"https:\/\/zsce.pl\/index.php?rest_route=\/wp\/v2\/posts"}],"about":[{"href":"https:\/\/zsce.pl\/index.php?rest_route=\/wp\/v2\/types\/post"}],"author":[{"embeddable":true,"href":"https:\/\/zsce.pl\/index.php?rest_route=\/wp\/v2\/users\/1"}],"replies":[{"embeddable":true,"href":"https:\/\/zsce.pl\/index.php?rest_route=%2Fwp%2Fv2%2Fcomments&post=3781"}],"version-history":[{"count":9,"href":"https:\/\/zsce.pl\/index.php?rest_route=\/wp\/v2\/posts\/3781\/revisions"}],"predecessor-version":[{"id":3790,"href":"https:\/\/zsce.pl\/index.php?rest_route=\/wp\/v2\/posts\/3781\/revisions\/3790"}],"wp:attachment":[{"href":"https:\/\/zsce.pl\/index.php?rest_route=%2Fwp%2Fv2%2Fmedia&parent=3781"}],"wp:term":[{"taxonomy":"category","embeddable":true,"href":"https:\/\/zsce.pl\/index.php?rest_route=%2Fwp%2Fv2%2Fcategories&post=3781"},{"taxonomy":"post_tag","embeddable":true,"href":"https:\/\/zsce.pl\/index.php?rest_route=%2Fwp%2Fv2%2Ftags&post=3781"}],"curies":[{"name":"wp","href":"https:\/\/api.w.org\/{rel}","templated":true}]}}