{"id":3762,"date":"2021-09-23T19:58:27","date_gmt":"2021-09-23T18:58:27","guid":{"rendered":"http:\/\/zsce.pl\/?p=3762"},"modified":"2021-09-23T20:00:14","modified_gmt":"2021-09-23T19:00:14","slug":"sprzeciw-rodzicow-lub-pelnoletniego-ucznia-na-objecie-profilaktyczna-opieka-zdrowotna","status":"publish","type":"post","link":"https:\/\/zsce.pl\/?p=3762","title":{"rendered":"Sprzeciw rodzic\u00f3w lub pe\u0142noletniego ucznia na obj\u0119cie profilaktyczn\u0105 opiek\u0105 zdrowotn\u0105"},"content":{"rendered":"<p style=\"text-align: justify;\">P\u0142ocki Zak\u0142ad Opieki Zdrowotnej Sp. z o.o. informuje, \u017ce je\u015bli rodzic lub pe\u0142noletni ucze\u0144 nie wyra\u017ca zgody na obj\u0119cie profilaktyczn\u0105 opiek\u0105 zdrowotn\u0105 przez piel\u0119gniark\u0119\/higienistk\u0119 szkoln\u0105 w Zespole Szk\u00f3\u0142 Centrum Edukacji im. Ignacego \u0141ukasiewicza musi z\u0142o\u017cy\u0107 w formie pisemnej wype\u0142niony druk \u201eSPRZECIW RODZIC\u00d3W LUB PE\u0141NOLETNIEGO UCZNIA NA OBJ\u0118CIE PROFILAKTYCZN\u0104 OPIEK\u0104 ZDROWOTN\u0104\u201d \u2013 za\u0142\u0105cznik Nr 1 i dostarczy\u0107 do gabinetu medycznego pok. 14.<\/p>\n<p style=\"padding-left: 40px;\"><img loading=\"lazy\" decoding=\"async\" class=\"alignnone wp-image-3360\" src=\"http:\/\/zsce.pl\/wp-content\/uploads\/2021\/05\/pdf-365x365.png\" alt=\"\" width=\"23\" height=\"23\" srcset=\"https:\/\/zsce.pl\/wp-content\/uploads\/2021\/05\/pdf-365x365.png 365w, https:\/\/zsce.pl\/wp-content\/uploads\/2021\/05\/pdf.png 512w\" sizes=\"auto, (max-width: 23px) 100vw, 23px\" \/>\u00a0 Za\u0142\u0105cznik Nr 1 &#8211; <a href=\"http:\/\/zsce.pl\/wp-content\/uploads\/2021\/09\/Zalacznik-Nr-1.pdf\" target=\"_blank\" rel=\"noopener\"><strong>Sprzeciw rodzic\u00f3w lub pe\u0142noletniego ucznia na obj\u0119cie profilaktyczn\u0105 opiek\u0105 zdrowotn\u0105<\/strong><\/a><\/p>\n","protected":false},"excerpt":{"rendered":"<p>P\u0142ocki Zak\u0142ad Opieki Zdrowotnej Sp. z o.o. informuje, \u017ce je\u015bli rodzic lub pe\u0142noletni ucze\u0144 nie wyra\u017ca zgody na obj\u0119cie profilaktyczn\u0105 opiek\u0105 zdrowotn\u0105 przez piel\u0119gniark\u0119\/higienistk\u0119 szkoln\u0105 w Zespole Szk\u00f3\u0142 Centrum Edukacji im. Ignacego \u0141ukasiewicza musi z\u0142o\u017cy\u0107 w formie pisemnej wype\u0142niony druk \u201eSPRZECIW RODZIC\u00d3W LUB PE\u0141NOLETNIEGO UCZNIA NA OBJ\u0118CIE PROFILAKTYCZN\u0104 OPIEK\u0104 ZDROWOTN\u0104\u201d \u2013 za\u0142\u0105cznik Nr 1 i dostarczy\u0107 do gabinetu medycznego pok.&hellip;<\/p>\n","protected":false},"author":1,"featured_media":0,"comment_status":"closed","ping_status":"closed","sticky":false,"template":"","format":"standard","meta":{"footnotes":""},"categories":[3],"tags":[],"class_list":["post-3762","post","type-post","status-publish","format-standard","hentry","category-aktualnosci"],"_links":{"self":[{"href":"https:\/\/zsce.pl\/index.php?rest_route=\/wp\/v2\/posts\/3762","targetHints":{"allow":["GET"]}}],"collection":[{"href":"https:\/\/zsce.pl\/index.php?rest_route=\/wp\/v2\/posts"}],"about":[{"href":"https:\/\/zsce.pl\/index.php?rest_route=\/wp\/v2\/types\/post"}],"author":[{"embeddable":true,"href":"https:\/\/zsce.pl\/index.php?rest_route=\/wp\/v2\/users\/1"}],"replies":[{"embeddable":true,"href":"https:\/\/zsce.pl\/index.php?rest_route=%2Fwp%2Fv2%2Fcomments&post=3762"}],"version-history":[{"count":5,"href":"https:\/\/zsce.pl\/index.php?rest_route=\/wp\/v2\/posts\/3762\/revisions"}],"predecessor-version":[{"id":3768,"href":"https:\/\/zsce.pl\/index.php?rest_route=\/wp\/v2\/posts\/3762\/revisions\/3768"}],"wp:attachment":[{"href":"https:\/\/zsce.pl\/index.php?rest_route=%2Fwp%2Fv2%2Fmedia&parent=3762"}],"wp:term":[{"taxonomy":"category","embeddable":true,"href":"https:\/\/zsce.pl\/index.php?rest_route=%2Fwp%2Fv2%2Fcategories&post=3762"},{"taxonomy":"post_tag","embeddable":true,"href":"https:\/\/zsce.pl\/index.php?rest_route=%2Fwp%2Fv2%2Ftags&post=3762"}],"curies":[{"name":"wp","href":"https:\/\/api.w.org\/{rel}","templated":true}]}}