{"id":3661,"date":"2021-09-03T17:05:59","date_gmt":"2021-09-03T16:05:59","guid":{"rendered":"http:\/\/zsce.pl\/?p=3661"},"modified":"2021-09-04T17:10:14","modified_gmt":"2021-09-04T16:10:14","slug":"rzadowy-program-pomocy-uczniom-niepelnosprawnym-w-formie-dofinansowania-zakupu-podrecznikow-materialow-edukacyjnych-i-materialow-cwiczeniowych","status":"publish","type":"post","link":"https:\/\/zsce.pl\/?p=3661","title":{"rendered":"Rz\u0105dowy program pomocy uczniom niepe\u0142nosprawnym w formie dofinansowania zakupu podr\u0119cznik\u00f3w, materia\u0142\u00f3w edukacyjnych i materia\u0142\u00f3w \u0107wiczeniowych"},"content":{"rendered":"<p style=\"text-align: justify;\"><strong><span style=\"font-family: arial, helvetica, sans-serif;\">W roku szkolnym 2021\/2022 uczniowie posiadaj\u0105cy orzeczenia o potrzebie kszta\u0142cenia specjalnego, b\u0119d\u0105 mogli skorzysta\u0107 z dofinansowania na zakup podr\u0119cznik\u00f3w, materia\u0142\u00f3w edukacyjnych i materia\u0142\u00f3w \u0107wiczeniowych w ramach \u201eRz\u0105dowego programu pomocy uczniom niepe\u0142nosprawnym w formie dofinansowania zakupu podr\u0119cznik\u00f3w, materia\u0142\u00f3w edukacyjnych i materia\u0142\u00f3w \u0107wiczeniowych w latach 2020\u20132022\u201d.<\/span><\/strong><\/p>\n<p style=\"text-align: justify;\"><span style=\"font-family: arial, helvetica, sans-serif;\">Rozporz\u0105dzenie Rady Ministr\u00f3w z dnia 26 czerwca 2020 r. <em>w sprawie szczeg\u00f3\u0142owych warunk\u00f3w udzielania pomocy uczniom niepe\u0142nosprawnym w formie dofinansowania zakupu podr\u0119cznik\u00f3w, materia\u0142\u00f3w edukacyjnych i materia\u0142\u00f3w \u0107wiczeniowych w latach 2020\u20132022 <\/em>(Dz. U. z 2020 r. poz. 1227) szczeg\u00f3\u0142owo okre\u015bla warunki udzielania pomocy uczniom obj\u0119tym ww. programem.<\/span><\/p>\n<p style=\"text-align: justify;\"><span style=\"font-family: arial, helvetica, sans-serif;\">Zgodnie \u00a7 3 wskazanego wy\u017cej rozporz\u0105dzenia w roku szkolnym 2021\/2022 pomoc w formie dofinansowania zakupu podr\u0119cznik\u00f3w do kszta\u0142cenia og\u00f3lnego i do kszta\u0142cenia w zawodach, materia\u0142\u00f3w edukacyjnych do kszta\u0142cenia og\u00f3lnego i do kszta\u0142cenia zawodowego oraz materia\u0142\u00f3w \u0107wiczeniowych jest udzielana uczniom:<br \/>\n<\/span><span style=\"font-family: arial, helvetica, sans-serif;\">1) s\u0142abowidz\u0105cym,<br \/>\n<\/span><span style=\"font-family: arial, helvetica, sans-serif;\">2) nies\u0142ysz\u0105cym,<br \/>\n<\/span><span style=\"font-family: arial, helvetica, sans-serif;\">3) s\u0142abos\u0142ysz\u0105cym,<br \/>\n<\/span><span style=\"font-family: arial, helvetica, sans-serif;\">4) z niepe\u0142nosprawno\u015bci\u0105 intelektualn\u0105 w stopniu lekkim,<br \/>\n<\/span><span style=\"font-family: arial, helvetica, sans-serif;\">5) z niepe\u0142nosprawno\u015bci\u0105 ruchow\u0105, w tym z afazj\u0105,<br \/>\n<\/span><span style=\"font-family: arial, helvetica, sans-serif;\">6) z autyzmem, w tym z zespo\u0142em Aspergera,<br \/>\n<\/span><span style=\"font-family: arial, helvetica, sans-serif;\">7) z niepe\u0142nosprawno\u015bciami sprz\u0119\u017conymi, w przypadku gdy s\u0105 to niepe\u0142nosprawno\u015bci spo\u015br\u00f3d niepe\u0142nosprawno\u015bci, o kt\u00f3rych mowa odpowiednio w pkt 1\u20136,<br \/>\n<\/span><span style=\"font-family: arial, helvetica, sans-serif;\">8) z niepe\u0142nosprawno\u015bci\u0105 intelektualn\u0105 w stopniu umiarkowanym lub znacznym,<br \/>\n<\/span><span style=\"font-family: arial, helvetica, sans-serif;\">9) z niepe\u0142nosprawno\u015bciami sprz\u0119\u017conymi, w przypadku gdy s\u0105 to niepe\u0142nosprawno\u015bci spo\u015br\u00f3d niepe\u0142nosprawno\u015bci, o kt\u00f3rych mowa odpowiednio w pkt 1\u20136 i 8<\/span><\/p>\n<p style=\"text-align: justify;\"><span style=\"font-family: arial, helvetica, sans-serif;\">\u2013 posiadaj\u0105cym orzeczenie o potrzebie kszta\u0142cenia specjalnego, o kt\u00f3rym mowa w art. 127 ust. 10 ustawy z dnia 14 grudnia 2016 r. \u2013 Prawo o\u015bwiatowe (t.j. Dz. U. z 2021 r. poz. 1082), albo orzeczenie o potrzebie kszta\u0142cenia specjalnego, o kt\u00f3rym mowa w art. 312 ust. 1 ustawy z dnia 14 grudnia 2016 r. \u2013 Przepisy wprowadzaj\u0105ce ustaw\u0119 \u2013 Prawo o\u015bwiatowe (Dz. U. z 2017 r. poz. 60 z p\u00f3\u017an. zm).<\/span><\/p>\n<p><em><span style=\"font-family: arial, helvetica, sans-serif;\">Dofinansowanie zakupu podr\u0119cznik\u00f3w, materia\u0142\u00f3w edukacyjnych i materia\u0142\u00f3w \u0107wiczeniowych dla jednego ucznia wynosi\u0107 b\u0119dzie w roku szkolnym 2021\/2022:<\/span><\/em><\/p>\n<table class=\"aligncenter\" style=\"width: 88.6634%;\" border=\"1\" width=\"67.8584%\" cellspacing=\"1\" cellpadding=\"1\">\n<tbody>\n<tr>\n<td style=\"width: 88.5203%;\"><span style=\"font-family: arial, helvetica, sans-serif;\">dla uczni\u00f3w z niepe\u0142nosprawno\u015bci\u0105 intelektualn\u0105 w stopniu umiarkowanym lub znacznym oraz uczni\u00f3w z niepe\u0142nosprawno\u015bciami sprz\u0119\u017conymi (w przypadku gdy s\u0105 to uczniowie z niepe\u0142nosprawno\u015bciami spo\u015br\u00f3d nast\u0119puj\u0105cych niepe\u0142nosprawno\u015bci: uczniowie s\u0142abowidz\u0105cy, nies\u0142ysz\u0105cy, s\u0142abos\u0142ysz\u0105cy, z niepe\u0142nosprawno\u015bci\u0105 intelektualn\u0105 w stopniu lekkim, z niepe\u0142nosprawno\u015bci\u0105 ruchow\u0105, w tym z afazj\u0105, z autyzmem, w tym z zespo\u0142em Aspergera, z niepe\u0142nosprawno\u015bci\u0105 intelektualn\u0105 w stopniu umiarkowanym lub znacznym), ucz\u0119szczaj\u0105cych do szko\u0142y specjalnej przysposabiaj\u0105cej do pracy<\/span><\/td>\n<td style=\"width: 77.2116%;\"><span style=\"font-family: arial, helvetica, sans-serif;\">\u00a0do kwoty 225 z\u0142<\/span><\/p>\n<p>&nbsp;<\/td>\n<\/tr>\n<tr>\n<td style=\"width: 88.5203%;\"><span style=\"font-family: arial, helvetica, sans-serif;\">dla uczni\u00f3w s\u0142abowidz\u0105cych, nies\u0142ysz\u0105cych, s\u0142abos\u0142ysz\u0105cych, z niepe\u0142nosprawno\u015bci\u0105 intelektualn\u0105 w stopniu lekkim, z niepe\u0142nosprawno\u015bci\u0105 ruchow\u0105, w tym z afazj\u0105, z autyzmem, w tym z zespo\u0142em Aspergera, oraz uczni\u00f3w z niepe\u0142nosprawno\u015bciami sprz\u0119\u017conymi, w przypadku gdy s\u0105 to niepe\u0142nosprawno\u015bci spo\u015br\u00f3d niepe\u0142nosprawno\u015bci, o kt\u00f3rych mowa wy\u017cej, ucz\u0119szczaj\u0105cych do bran\u017cowej szko\u0142y I stopnia lub bran\u017cowej szko\u0142y II stopnia<\/span><\/td>\n<td style=\"width: 77.2116%;\"><span style=\"font-family: arial, helvetica, sans-serif;\">\u00a0do kwoty 390 z\u0142<\/span><\/p>\n<p>&nbsp;<\/td>\n<\/tr>\n<tr>\n<td style=\"width: 88.5203%;\"><span style=\"font-family: arial, helvetica, sans-serif;\">dla uczni\u00f3w s\u0142abowidz\u0105cych, nies\u0142ysz\u0105cych, s\u0142abos\u0142ysz\u0105cych, z niepe\u0142nosprawno\u015bci\u0105 intelektualn\u0105 w stopniu lekkim, z niepe\u0142nosprawno\u015bci\u0105 ruchow\u0105, w tym z afazj\u0105, z autyzmem, w tym z zespo\u0142em Aspergera, oraz uczni\u00f3w z niepe\u0142nosprawno\u015bciami sprz\u0119\u017conymi, w przypadku gdy s\u0105 to niepe\u0142nosprawno\u015bci spo\u015br\u00f3d niepe\u0142nosprawno\u015bci, o kt\u00f3rych mowa wy\u017cej, ucz\u0119szczaj\u0105cych do: klas I \u2013 III czteroletniego liceum og\u00f3lnokszta\u0142c\u0105cego, klasy III dotychczasowego trzyletniego liceum og\u00f3lnokszta\u0142c\u0105cego prowadzonej w czteroletnim liceum og\u00f3lnokszta\u0142c\u0105cym, klas I \u2013 III pi\u0119cioletniego technikum, klas III i IV dotychczasowego czteroletniego technikum prowadzonych w pi\u0119cioletnim technikum, klas III\u2013VI og\u00f3lnokszta\u0142c\u0105cej szko\u0142y muzycznej II stopnia, klas I &#8211; III liceum sztuk plastycznych, klas III\u00a0 i IV dotychczasowego liceum plastycznego prowadzonych w liceum sztuk plastycznych<\/span><\/td>\n<td style=\"width: 77.2116%;\"><span style=\"font-family: arial, helvetica, sans-serif;\">\u00a0do kwoty 445 z\u0142<\/span><\/p>\n<p>&nbsp;<\/td>\n<\/tr>\n<\/tbody>\n<\/table>\n<p style=\"text-align: justify;\"><span style=\"font-family: arial, helvetica, sans-serif;\"><br \/>\nPomoc, w formie dofinansowania zakupu podr\u0119cznik\u00f3w, materia\u0142\u00f3w edukacyjnych, materia\u0142\u00f3w \u0107wiczeniowych \u00a0jest udzielana na wniosek opiekun\u00f3w ucznia albo pe\u0142noletniego ucznia, albo na wniosek nauczyciela, pracownika socjalnego lub innej osoby, za zgod\u0105 opiekun\u00f3w ucznia albo pe\u0142noletniego ucznia <strong><u>bez wzgl\u0119du na sytuacj\u0119 materialn\u0105 i \u017cyciow\u0105 ucznia.<\/u><\/strong><\/span><\/p>\n<p style=\"text-align: justify;\"><span style=\"font-family: arial, helvetica, sans-serif;\">Wniosek powinien zosta\u0107 z\u0142o\u017cony do<strong><u> 29 pa\u017adziernika\u00a0 2021 r. <\/u><\/strong>do dyrektora szko\u0142y, do kt\u00f3rej ucz\u0119szcza\u0107 b\u0119dzie ucze\u0144 w roku szkolnym 2021\/2022.<\/span><\/p>\n<p style=\"text-align: justify;\"><span style=\"font-family: arial, helvetica, sans-serif;\"><strong><u>Do wniosku nale\u017cy do\u0142\u0105czy\u0107 kopi\u0119 orzeczenia o potrzebie kszta\u0142cenia specjalnego<\/u><\/strong> wydan\u0105 przez publiczn\u0105 poradni\u0119 psychologiczno-pedagogiczn\u0105<strong> oraz przed\u0142o\u017cy\u0107 dow\u00f3d zakupu.<\/strong><\/span><\/p>\n<p style=\"text-align: justify;\"><span style=\"font-family: arial, helvetica, sans-serif;\"><strong>Dowodem zakupu <\/strong>podr\u0119cznik\u00f3w, materia\u0142\u00f3w edukacyjnych, materia\u0142\u00f3w \u0107wiczeniowych\u00a0 jest faktura VAT wystawiona imiennie na ucznia lub opiekun\u00f3w (opiekuna) ucznia, rachunek, paragon lub o\u015bwiadczenie o zakupie odpowiednio tych podr\u0119cznik\u00f3w, materia\u0142\u00f3w edukacyjnych lub materia\u0142\u00f3w \u0107wiczeniowych.<\/span><\/p>\n<p style=\"text-align: justify;\"><span style=\"font-family: arial, helvetica, sans-serif;\">W celu u\u0142atwienia ubiegania si\u0119 o pomoc w formie dofinansowania zakupu podr\u0119cznik\u00f3w, materia\u0142\u00f3w edukacyjnych i materia\u0142\u00f3w \u0107wiczeniowych <strong><u>Wydzia\u0142 Edukacji przygotowa\u0142 wz\u00f3r wniosku<\/u> <\/strong>o dofinansowanie zakupu podr\u0119cznik\u00f3w do kszta\u0142cenia og\u00f3lnego lub do kszta\u0142cenia \u00a0w zawodach lub materia\u0142\u00f3w edukacyjnych do kszta\u0142cenia og\u00f3lnego i do kszta\u0142cenia zawodowego oraz materia\u0142\u00f3w \u0107wiczeniowych na rok szkolny 2021\/2022.<\/span><\/p>\n<p style=\"text-align: center;\"><span style=\"font-family: arial, helvetica, sans-serif;\"><img loading=\"lazy\" decoding=\"async\" class=\"alignnone wp-image-3662\" src=\"http:\/\/zsce.pl\/wp-content\/uploads\/2021\/09\/word.png\" alt=\"\" width=\"21\" height=\"21\" \/>\u00a0 <\/span><strong><a href=\"http:\/\/zsce.pl\/wp-content\/uploads\/2021\/09\/Wniosek-o-dofinansowanie.doc\" target=\"_blank\" rel=\"noopener\"><span style=\"font-family: arial, helvetica, sans-serif;\">Wniosek o dofinansowanie<\/span><\/a><\/strong><\/p>\n<p>&nbsp;<\/p>\n","protected":false},"excerpt":{"rendered":"<p>W roku szkolnym 2021\/2022 uczniowie posiadaj\u0105cy orzeczenia o potrzebie kszta\u0142cenia specjalnego, b\u0119d\u0105 mogli skorzysta\u0107 z dofinansowania na zakup podr\u0119cznik\u00f3w, materia\u0142\u00f3w edukacyjnych i materia\u0142\u00f3w \u0107wiczeniowych w ramach \u201eRz\u0105dowego programu pomocy uczniom niepe\u0142nosprawnym w formie dofinansowania zakupu podr\u0119cznik\u00f3w, materia\u0142\u00f3w edukacyjnych i materia\u0142\u00f3w \u0107wiczeniowych w latach 2020\u20132022\u201d. Rozporz\u0105dzenie Rady Ministr\u00f3w z dnia 26 czerwca 2020 r. w sprawie szczeg\u00f3\u0142owych warunk\u00f3w udzielania pomocy uczniom&hellip;<\/p>\n","protected":false},"author":1,"featured_media":0,"comment_status":"closed","ping_status":"closed","sticky":false,"template":"","format":"standard","meta":{"footnotes":""},"categories":[3],"tags":[],"class_list":["post-3661","post","type-post","status-publish","format-standard","hentry","category-aktualnosci"],"_links":{"self":[{"href":"https:\/\/zsce.pl\/index.php?rest_route=\/wp\/v2\/posts\/3661","targetHints":{"allow":["GET"]}}],"collection":[{"href":"https:\/\/zsce.pl\/index.php?rest_route=\/wp\/v2\/posts"}],"about":[{"href":"https:\/\/zsce.pl\/index.php?rest_route=\/wp\/v2\/types\/post"}],"author":[{"embeddable":true,"href":"https:\/\/zsce.pl\/index.php?rest_route=\/wp\/v2\/users\/1"}],"replies":[{"embeddable":true,"href":"https:\/\/zsce.pl\/index.php?rest_route=%2Fwp%2Fv2%2Fcomments&post=3661"}],"version-history":[{"count":9,"href":"https:\/\/zsce.pl\/index.php?rest_route=\/wp\/v2\/posts\/3661\/revisions"}],"predecessor-version":[{"id":3672,"href":"https:\/\/zsce.pl\/index.php?rest_route=\/wp\/v2\/posts\/3661\/revisions\/3672"}],"wp:attachment":[{"href":"https:\/\/zsce.pl\/index.php?rest_route=%2Fwp%2Fv2%2Fmedia&parent=3661"}],"wp:term":[{"taxonomy":"category","embeddable":true,"href":"https:\/\/zsce.pl\/index.php?rest_route=%2Fwp%2Fv2%2Fcategories&post=3661"},{"taxonomy":"post_tag","embeddable":true,"href":"https:\/\/zsce.pl\/index.php?rest_route=%2Fwp%2Fv2%2Ftags&post=3661"}],"curies":[{"name":"wp","href":"https:\/\/api.w.org\/{rel}","templated":true}]}}