{"id":3641,"date":"2021-09-01T21:53:34","date_gmt":"2021-09-01T20:53:34","guid":{"rendered":"http:\/\/zsce.pl\/?p=3641"},"modified":"2021-09-01T21:54:35","modified_gmt":"2021-09-01T20:54:35","slug":"zebrania-wychowawcow-klas-z-rodzicami-uczniow-klas-maturalnych","status":"publish","type":"post","link":"https:\/\/zsce.pl\/?p=3641","title":{"rendered":"Zebrania wychowawc\u00f3w klas z rodzicami uczni\u00f3w klas maturalnych"},"content":{"rendered":"<p style=\"text-align: justify;\"><span style=\"font-family: arial, helvetica, sans-serif;\"><em>Szanowni Pa\u0144stwo Rodzice \/ Opiekunowie prawni<br \/>\n<\/em>w dniach<strong> 21-22 wrze\u015bnia 2021 r. o godz. 16:00<\/strong> odb\u0119d\u0105 si\u0119 zebrania rodzic\u00f3w z wychowawcami klas maturalnych zgodnie z poni\u017cszym harmonogramem.<\/span><\/p>\n<p style=\"text-align: center;\"><img loading=\"lazy\" decoding=\"async\" class=\"aligncenter size-full wp-image-3643\" src=\"http:\/\/zsce.pl\/wp-content\/uploads\/2021\/09\/M__21.jpg\" alt=\"\" width=\"402\" height=\"132\" \/><\/p>\n<p><img loading=\"lazy\" decoding=\"async\" class=\"aligncenter size-full wp-image-3644\" src=\"http:\/\/zsce.pl\/wp-content\/uploads\/2021\/09\/M__22.jpg\" alt=\"\" width=\"402\" height=\"132\" \/><\/p>\n<p style=\"text-align: justify;\"><span style=\"font-family: arial, helvetica, sans-serif;\">Przed wej\u015bciem do budynku szko\u0142y nale\u017cy zdezynfekowa\u0107 r\u0119ce z u\u017cyciem \u015brodka dezynfekuj\u0105cego.<\/span><br \/>\n<span style=\"font-family: arial, helvetica, sans-serif;\">Przed sal\u0105 lekcyjn\u0105 nale\u017cy przebywa\u0107 z twarz\u0105 zas\u0142oni\u0119t\u0105 maseczk\u0105 ochronn\u0105.<\/span><br \/>\n<span style=\"font-family: arial, helvetica, sans-serif;\">Na terenie Zespo\u0142u Szk\u00f3\u0142 Centrum Edukacji im. Ignacego \u0141ukasiewicza nale\u017cy stosowa\u0107 si\u0119 do obowi\u0105zuj\u0105cych <strong><a href=\"http:\/\/zsce.pl\/?page_id=3551\" target=\"_blank\" rel=\"noopener noreferrer\">procedur<\/a><\/strong> zwi\u0105zanych z zachowaniem bezpiecze\u0144stwa przed zaka\u017ceniem si\u0119 koronawirusem.<\/span><\/p>\n","protected":false},"excerpt":{"rendered":"<p>Szanowni Pa\u0144stwo Rodzice \/ Opiekunowie prawni w dniach 21-22 wrze\u015bnia 2021 r. o godz. 16:00 odb\u0119d\u0105 si\u0119 zebrania rodzic\u00f3w z wychowawcami klas maturalnych zgodnie z poni\u017cszym harmonogramem. Przed wej\u015bciem do budynku szko\u0142y nale\u017cy zdezynfekowa\u0107 r\u0119ce z u\u017cyciem \u015brodka dezynfekuj\u0105cego. Przed sal\u0105 lekcyjn\u0105 nale\u017cy przebywa\u0107 z twarz\u0105 zas\u0142oni\u0119t\u0105 maseczk\u0105 ochronn\u0105. Na terenie Zespo\u0142u Szk\u00f3\u0142 Centrum Edukacji im. Ignacego \u0141ukasiewicza nale\u017cy stosowa\u0107&hellip;<\/p>\n","protected":false},"author":1,"featured_media":0,"comment_status":"closed","ping_status":"closed","sticky":false,"template":"","format":"standard","meta":{"footnotes":""},"categories":[3],"tags":[],"class_list":["post-3641","post","type-post","status-publish","format-standard","hentry","category-aktualnosci"],"_links":{"self":[{"href":"https:\/\/zsce.pl\/index.php?rest_route=\/wp\/v2\/posts\/3641","targetHints":{"allow":["GET"]}}],"collection":[{"href":"https:\/\/zsce.pl\/index.php?rest_route=\/wp\/v2\/posts"}],"about":[{"href":"https:\/\/zsce.pl\/index.php?rest_route=\/wp\/v2\/types\/post"}],"author":[{"embeddable":true,"href":"https:\/\/zsce.pl\/index.php?rest_route=\/wp\/v2\/users\/1"}],"replies":[{"embeddable":true,"href":"https:\/\/zsce.pl\/index.php?rest_route=%2Fwp%2Fv2%2Fcomments&post=3641"}],"version-history":[{"count":1,"href":"https:\/\/zsce.pl\/index.php?rest_route=\/wp\/v2\/posts\/3641\/revisions"}],"predecessor-version":[{"id":3645,"href":"https:\/\/zsce.pl\/index.php?rest_route=\/wp\/v2\/posts\/3641\/revisions\/3645"}],"wp:attachment":[{"href":"https:\/\/zsce.pl\/index.php?rest_route=%2Fwp%2Fv2%2Fmedia&parent=3641"}],"wp:term":[{"taxonomy":"category","embeddable":true,"href":"https:\/\/zsce.pl\/index.php?rest_route=%2Fwp%2Fv2%2Fcategories&post=3641"},{"taxonomy":"post_tag","embeddable":true,"href":"https:\/\/zsce.pl\/index.php?rest_route=%2Fwp%2Fv2%2Ftags&post=3641"}],"curies":[{"name":"wp","href":"https:\/\/api.w.org\/{rel}","templated":true}]}}