{"id":3631,"date":"2021-09-01T21:47:45","date_gmt":"2021-09-01T20:47:45","guid":{"rendered":"http:\/\/zsce.pl\/?p=3631"},"modified":"2021-09-01T21:52:31","modified_gmt":"2021-09-01T20:52:31","slug":"zebrania-wychowawcow-klas-z-rodzicami-uczniow-klas-pierwszych-2","status":"publish","type":"post","link":"https:\/\/zsce.pl\/?p=3631","title":{"rendered":"Zebrania wychowawc\u00f3w klas z rodzicami uczni\u00f3w klas pierwszych"},"content":{"rendered":"<p style=\"text-align: justify;\"><span style=\"font-size: 12pt;\"><span style=\"font-family: arial, helvetica, sans-serif;\"><em>Szanowni Pa\u0144stwo Rodzice \/ Opiekunowie prawni<br \/>\n<\/em><\/span><span style=\"font-family: arial, helvetica, sans-serif;\">w dniach <strong>13, 15 i 16 wrze\u015bnia 2021 r. o godz. 16:00<\/strong> odb\u0119d\u0105 si\u0119 zebrania rodzic\u00f3w z wychowawcami klas pierwszych zgodnie z poni\u017cszym harmonogramem.<\/span><\/span><\/p>\n<p style=\"text-align: center;\"><img loading=\"lazy\" decoding=\"async\" class=\"aligncenter size-full wp-image-3632\" src=\"http:\/\/zsce.pl\/wp-content\/uploads\/2021\/09\/01__13.jpg\" alt=\"\" width=\"402\" height=\"132\" \/><\/p>\n<p><img loading=\"lazy\" decoding=\"async\" class=\"aligncenter size-full wp-image-3633\" src=\"http:\/\/zsce.pl\/wp-content\/uploads\/2021\/09\/01__15.jpg\" alt=\"\" width=\"402\" height=\"132\" \/><\/p>\n<p><img loading=\"lazy\" decoding=\"async\" class=\"aligncenter size-full wp-image-3634\" src=\"http:\/\/zsce.pl\/wp-content\/uploads\/2021\/09\/01__16.jpg\" alt=\"\" width=\"402\" height=\"132\" \/><\/p>\n<p><span style=\"font-size: 12pt;\"><span style=\"font-family: arial, helvetica, sans-serif;\">Przed wej\u015bciem do budynku szko\u0142y nale\u017cy zdezynfekowa\u0107 r\u0119ce z u\u017cyciem \u015brodka dezynfekuj\u0105cego.<br \/>\n<\/span><span style=\"font-family: arial, helvetica, sans-serif;\">Przed sal\u0105 lekcyjn\u0105 nale\u017cy przebywa\u0107 z twarz\u0105 zas\u0142oni\u0119t\u0105 maseczk\u0105 ochronn\u0105.<br \/>\n<\/span><span style=\"font-family: arial, helvetica, sans-serif;\">Na terenie Zespo\u0142u Szk\u00f3\u0142 Centrum Edukacji im. Ignacego \u0141ukasiewicza nale\u017cy stosowa\u0107 si\u0119 do obowi\u0105zuj\u0105cych <strong><a href=\"http:\/\/zsce.pl\/?page_id=3551\" target=\"_blank\" rel=\"noopener noreferrer\">procedur<\/a><\/strong> zwi\u0105zanych z zachowaniem bezpiecze\u0144stwa przed zaka\u017ceniem si\u0119 koronawirusem.<\/span><\/span><\/p>\n","protected":false},"excerpt":{"rendered":"<p>Szanowni Pa\u0144stwo Rodzice \/ Opiekunowie prawni w dniach 13, 15 i 16 wrze\u015bnia 2021 r. o godz. 16:00 odb\u0119d\u0105 si\u0119 zebrania rodzic\u00f3w z wychowawcami klas pierwszych zgodnie z poni\u017cszym harmonogramem. Przed wej\u015bciem do budynku szko\u0142y nale\u017cy zdezynfekowa\u0107 r\u0119ce z u\u017cyciem \u015brodka dezynfekuj\u0105cego. Przed sal\u0105 lekcyjn\u0105 nale\u017cy przebywa\u0107 z twarz\u0105 zas\u0142oni\u0119t\u0105 maseczk\u0105 ochronn\u0105. Na terenie Zespo\u0142u Szk\u00f3\u0142 Centrum Edukacji im. Ignacego&hellip;<\/p>\n","protected":false},"author":1,"featured_media":0,"comment_status":"closed","ping_status":"closed","sticky":false,"template":"","format":"standard","meta":{"footnotes":""},"categories":[3],"tags":[],"class_list":["post-3631","post","type-post","status-publish","format-standard","hentry","category-aktualnosci"],"_links":{"self":[{"href":"https:\/\/zsce.pl\/index.php?rest_route=\/wp\/v2\/posts\/3631","targetHints":{"allow":["GET"]}}],"collection":[{"href":"https:\/\/zsce.pl\/index.php?rest_route=\/wp\/v2\/posts"}],"about":[{"href":"https:\/\/zsce.pl\/index.php?rest_route=\/wp\/v2\/types\/post"}],"author":[{"embeddable":true,"href":"https:\/\/zsce.pl\/index.php?rest_route=\/wp\/v2\/users\/1"}],"replies":[{"embeddable":true,"href":"https:\/\/zsce.pl\/index.php?rest_route=%2Fwp%2Fv2%2Fcomments&post=3631"}],"version-history":[{"count":7,"href":"https:\/\/zsce.pl\/index.php?rest_route=\/wp\/v2\/posts\/3631\/revisions"}],"predecessor-version":[{"id":3642,"href":"https:\/\/zsce.pl\/index.php?rest_route=\/wp\/v2\/posts\/3631\/revisions\/3642"}],"wp:attachment":[{"href":"https:\/\/zsce.pl\/index.php?rest_route=%2Fwp%2Fv2%2Fmedia&parent=3631"}],"wp:term":[{"taxonomy":"category","embeddable":true,"href":"https:\/\/zsce.pl\/index.php?rest_route=%2Fwp%2Fv2%2Fcategories&post=3631"},{"taxonomy":"post_tag","embeddable":true,"href":"https:\/\/zsce.pl\/index.php?rest_route=%2Fwp%2Fv2%2Ftags&post=3631"}],"curies":[{"name":"wp","href":"https:\/\/api.w.org\/{rel}","templated":true}]}}