{"id":3562,"date":"2021-08-24T06:45:15","date_gmt":"2021-08-24T05:45:15","guid":{"rendered":"http:\/\/zsce.pl\/?p=3562"},"modified":"2021-08-24T20:50:59","modified_gmt":"2021-08-24T19:50:59","slug":"organizacja-rozpoczecia-roku-szkolnego-2021-2022","status":"publish","type":"post","link":"https:\/\/zsce.pl\/?p=3562","title":{"rendered":"Organizacja rozpocz\u0119cia roku szkolnego 2021\/2022"},"content":{"rendered":"<p style=\"text-align: center;\"><img loading=\"lazy\" decoding=\"async\" class=\"size-full wp-image-2746 aligncenter\" src=\"http:\/\/zsce.pl\/wp-content\/uploads\/2020\/09\/zsc.png\" alt=\"\" width=\"162\" height=\"113\" \/><\/p>\n<p style=\"text-align: center;\"><span style=\"font-family: arial, helvetica, sans-serif;\"><em><br \/>\nDrodzy Uczniowie i Uczennice<\/em><\/span><br \/>\n<span style=\"font-family: arial, helvetica, sans-serif;\"><em>V Liceum Og\u00f3lnokszta\u0142c\u0105cego i Technikum,<\/em><\/span><\/p>\n<p style=\"text-align: center;\"><span style=\"font-family: arial, helvetica, sans-serif;\">1 wrze\u015bnia 2021 r. rozpoczynamy nowy rok szkolny 2021\/2022 ze wzgl\u0119du na panuj\u0105c\u0105 sytuacj\u0119 epidemiologiczn\u0105 inaczej ni\u017c zazwyczaj.<\/span><br \/>\n<span style=\"font-family: arial, helvetica, sans-serif;\">Prosimy o zapoznanie si\u0119 z zamieszczon\u0105 organizacj\u0105 rozpocz\u0119cia roku szkolnego 2021\/2022.<\/span><\/p>\n<p style=\"text-align: center;\"><span style=\"font-family: arial, helvetica, sans-serif;\">Zapraszamy Was serdecznie na spotkania z wychowawcami, kt\u00f3re odb\u0119d\u0105 si\u0119 w dniu 1 wrze\u015bnia 2021 r. zgodnie z harmonogramem.<\/span><\/p>\n<p style=\"text-align: center;\"><span style=\"font-family: arial, helvetica, sans-serif;\"><img loading=\"lazy\" decoding=\"async\" class=\"wp-image-3360 alignnone\" src=\"http:\/\/zsce.pl\/wp-content\/uploads\/2021\/05\/pdf.png\" alt=\"\" width=\"25\" height=\"25\" srcset=\"https:\/\/zsce.pl\/wp-content\/uploads\/2021\/05\/pdf.png 512w, https:\/\/zsce.pl\/wp-content\/uploads\/2021\/05\/pdf-365x365.png 365w\" sizes=\"auto, (max-width: 25px) 100vw, 25px\" \/>\u00a0 <strong><span style=\"color: #ff0000;\"><a style=\"color: #ff0000;\" href=\"http:\/\/zsce.pl\/wp-content\/uploads\/2021\/08\/Organizacja_rozpoczecia-r.-szk.-2021-2022-1.09.2021.pdf\" target=\"_blank\" rel=\"noopener\">Organizacja rozpocz\u0119cia roku szkolnego 2021\/2022<\/a><\/span><br \/>\n<\/strong><\/span><\/p>\n<p style=\"text-align: center;\"><span style=\"font-family: arial, helvetica, sans-serif;\"><strong><em>Cieszymy si\u0119 na spotkanie z Wami !<br \/>\nDo zobaczenia w \u015brod\u0119 !<\/em><\/strong><\/span><\/p>\n<p style=\"text-align: center;\"><span style=\"font-family: arial, helvetica, sans-serif;\"><strong>Uwaga ! Prosimy o zabranie ze sob\u0105 d\u0142ugopisu !!!<\/strong><\/span><\/p>\n<p style=\"text-align: center;\"><span style=\"font-family: arial, helvetica, sans-serif;\"><img loading=\"lazy\" decoding=\"async\" class=\"wp-image-3360 alignnone\" src=\"http:\/\/zsce.pl\/wp-content\/uploads\/2021\/05\/pdf.png\" alt=\"\" width=\"25\" height=\"25\" srcset=\"https:\/\/zsce.pl\/wp-content\/uploads\/2021\/05\/pdf.png 512w, https:\/\/zsce.pl\/wp-content\/uploads\/2021\/05\/pdf-365x365.png 365w\" sizes=\"auto, (max-width: 25px) 100vw, 25px\" \/>\u00a0<\/span><a href=\"http:\/\/zsce.pl\/wp-content\/uploads\/2021\/08\/Komunikat_Dyrekcji_ZSCE__RU__24_08_2021.pdf\" target=\"_blank\" rel=\"noopener\"><span style=\"font-family: arial, helvetica, sans-serif;\"><span style=\"color: #ff0000;\">Komunikat Dyrektora Zespo\u0142u Szk\u00f3\u0142 Centrum Edukacji im. Ignacego \u0141ukasiewicza z dnia 24.08.2021 r.<\/span><\/span><\/a><\/p>\n<p>&nbsp;<\/p>\n","protected":false},"excerpt":{"rendered":"<p>Drodzy Uczniowie i Uczennice V Liceum Og\u00f3lnokszta\u0142c\u0105cego i Technikum, 1 wrze\u015bnia 2021 r. rozpoczynamy nowy rok szkolny 2021\/2022 ze wzgl\u0119du na panuj\u0105c\u0105 sytuacj\u0119 epidemiologiczn\u0105 inaczej ni\u017c zazwyczaj. Prosimy o zapoznanie si\u0119 z zamieszczon\u0105 organizacj\u0105 rozpocz\u0119cia roku szkolnego 2021\/2022. Zapraszamy Was serdecznie na spotkania z wychowawcami, kt\u00f3re odb\u0119d\u0105 si\u0119 w dniu 1 wrze\u015bnia 2021 r. zgodnie z harmonogramem. \u00a0 Organizacja rozpocz\u0119cia&hellip;<\/p>\n","protected":false},"author":1,"featured_media":0,"comment_status":"closed","ping_status":"closed","sticky":false,"template":"","format":"standard","meta":{"footnotes":""},"categories":[3],"tags":[],"class_list":["post-3562","post","type-post","status-publish","format-standard","hentry","category-aktualnosci"],"_links":{"self":[{"href":"https:\/\/zsce.pl\/index.php?rest_route=\/wp\/v2\/posts\/3562","targetHints":{"allow":["GET"]}}],"collection":[{"href":"https:\/\/zsce.pl\/index.php?rest_route=\/wp\/v2\/posts"}],"about":[{"href":"https:\/\/zsce.pl\/index.php?rest_route=\/wp\/v2\/types\/post"}],"author":[{"embeddable":true,"href":"https:\/\/zsce.pl\/index.php?rest_route=\/wp\/v2\/users\/1"}],"replies":[{"embeddable":true,"href":"https:\/\/zsce.pl\/index.php?rest_route=%2Fwp%2Fv2%2Fcomments&post=3562"}],"version-history":[{"count":8,"href":"https:\/\/zsce.pl\/index.php?rest_route=\/wp\/v2\/posts\/3562\/revisions"}],"predecessor-version":[{"id":3572,"href":"https:\/\/zsce.pl\/index.php?rest_route=\/wp\/v2\/posts\/3562\/revisions\/3572"}],"wp:attachment":[{"href":"https:\/\/zsce.pl\/index.php?rest_route=%2Fwp%2Fv2%2Fmedia&parent=3562"}],"wp:term":[{"taxonomy":"category","embeddable":true,"href":"https:\/\/zsce.pl\/index.php?rest_route=%2Fwp%2Fv2%2Fcategories&post=3562"},{"taxonomy":"post_tag","embeddable":true,"href":"https:\/\/zsce.pl\/index.php?rest_route=%2Fwp%2Fv2%2Ftags&post=3562"}],"curies":[{"name":"wp","href":"https:\/\/api.w.org\/{rel}","templated":true}]}}