{"id":3450,"date":"2021-07-01T07:49:41","date_gmt":"2021-07-01T06:49:41","guid":{"rendered":"http:\/\/zsce.pl\/?p=3450"},"modified":"2021-07-01T08:09:49","modified_gmt":"2021-07-01T07:09:49","slug":"odbior-swiadectw-maturalnych-2","status":"publish","type":"post","link":"https:\/\/zsce.pl\/?p=3450","title":{"rendered":"Odbi\u00f3r \u015bwiadectw maturalnych"},"content":{"rendered":"<p style=\"text-align: justify;\"><span style=\"font-family: arial, helvetica, sans-serif; font-size: 14pt;\">Odbi\u00f3r \u015bwiadectw maturalnych b\u0119dzie mo\u017cliwy w szkole po okazaniu dowodu osobistego lub przedstawieniu upowa\u017cnienia<br \/>\n<strong>5 lipca 2021 r.<\/strong> (poniedzia\u0142ek) w godzinach <strong>8:00 \u2013 15:00.<\/strong><\/span><\/p>\n<p style=\"text-align: justify;\"><span style=\"font-family: arial, helvetica, sans-serif;\">W celu zachowania standard\u00f3w bezpiecze\u0144stwa osoby odbieraj\u0105ce \u015bwiadectwa zobowi\u0105zane s\u0105 do:<br \/>\n<\/span><span style=\"font-family: arial, helvetica, sans-serif;\">\u2013 <\/span><span style=\"font-family: arial, helvetica, sans-serif;\">zachowania bezpiecznej odleg\u0142o\u015bci spo\u0142ecznej,<br \/>\n\u2013 <\/span><span style=\"font-family: arial, helvetica, sans-serif;\">dezynfekcji r\u0105k,<br \/>\n\u2013 <\/span><span style=\"font-family: arial, helvetica, sans-serif;\">za\u0142o\u017cenia maseczki zakrywaj\u0105cej nos i usta,<br \/>\n\u2013 <\/span><span style=\"font-family: arial, helvetica, sans-serif;\">podpisania potwierdzenia odbioru \u015bwiadectwa w\u0142asnym d\u0142ugopisem.<\/span><\/p>\n<p style=\"text-align: justify;\"><span style=\"font-family: arial, helvetica, sans-serif;\">Od 5 lipca 2021 r. (pomi\u0119dzy godz. 8:00 a godz. 10:00) absolwenci mog\u0105 pozna\u0107 swoje wyniki elektronicznie pod adresem: <a href=\"https:\/\/wyniki.edu.pl\" target=\"_blank\" rel=\"noopener\">https:\/\/wyniki.edu.pl<\/a><\/span><\/p>\n<p style=\"text-align: justify;\"><span style=\"font-family: arial, helvetica, sans-serif;\">Loginy i has\u0142a absolwenci otrzymali podczas egzamin\u00f3w maturalnych.<\/span><\/p>\n<p style=\"text-align: justify;\"><span style=\"font-family: arial, helvetica, sans-serif; font-size: 14pt;\"><strong><br \/>\n<span style=\"color: #af0000;\">Informacja dla absolwent\u00f3w dotycz\u0105ca EGZAMINU POPRAWKOWEGO<\/span><\/strong><\/span><\/p>\n<hr \/>\n<p style=\"text-align: justify;\"><span style=\"font-family: arial, helvetica, sans-serif;\">Do egzaminu w terminie poprawkowym mo\u017ce przyst\u0105pi\u0107 absolwent, kt\u00f3ry <strong>nie zda egzaminu wy\u0142\u0105cznie z jednego przedmiotu obowi\u0105zkowego<\/strong>. \u00a0<\/span><\/p>\n<p style=\"text-align: justify;\"><span style=\"font-family: arial, helvetica, sans-serif;\">Uprawniony absolwent nie p\u00f3\u017aniej ni\u017c do <strong>12 lipca 2021 r.<\/strong> sk\u0142ada Dyrektorowi szko\u0142y pisemne o\u015bwiadczenie o zamiarze przyst\u0105pienia do egzaminu maturalnego z danego przedmiotu w terminie poprawkowym (<strong>za\u0142\u0105cznik 7.<\/strong>), zgodnie z deklaracj\u0105 ostateczn\u0105. Za\u0142\u0105cznik 7. podpisany w postaci skanu nale\u017cy przes\u0142a\u0107 na adres <strong><u>zsce@zsce.pl<\/u><\/strong><\/span><\/p>\n<p style=\"text-align: justify; padding-left: 40px;\"><span style=\"font-family: arial, helvetica, sans-serif;\"><img loading=\"lazy\" decoding=\"async\" class=\"wp-image-3360 alignnone\" src=\"http:\/\/zsce.pl\/wp-content\/uploads\/2021\/05\/pdf.png\" alt=\"\" width=\"25\" height=\"25\" srcset=\"https:\/\/zsce.pl\/wp-content\/uploads\/2021\/05\/pdf.png 512w, https:\/\/zsce.pl\/wp-content\/uploads\/2021\/05\/pdf-365x365.png 365w\" sizes=\"auto, (max-width: 25px) 100vw, 25px\" \/> <a href=\"http:\/\/zsce.pl\/wp-content\/uploads\/2021\/07\/EM-2021-Zalacznik-7_2314.pdf\" target=\"_blank\" rel=\"noopener\"><span style=\"color: #000000;\"><span style=\"color: #af0000;\">Za\u0142\u0105cznik 7<\/span><\/span><\/a><\/span><\/p>\n<p style=\"text-align: justify;\"><span style=\"font-family: arial, helvetica, sans-serif;\">Informacj\u0119 o miejscu przeprowadzenia egzaminu maturalnego z danego przedmiotu w terminie poprawkowym dyrektor okr\u0119gowej komisji egzaminacyjnej og\u0142asza na stronie internetowej okr\u0119gowej komisji egzaminacyjnej nie p\u00f3\u017aniej ni\u017c do 10 sierpnia 2021 r.<\/span><\/p>\n<p style=\"text-align: justify;\"><span style=\"font-family: arial, helvetica, sans-serif; color: #af0000;\">Cz\u0119\u015b\u0107 pisemna egzaminu maturalnego w terminie poprawkowym odb\u0119dzie si\u0119 <strong>24 sierpnia 2021 r. (wtorek) o godz. 9:00.<\/strong><\/span><\/p>\n","protected":false},"excerpt":{"rendered":"<p>Odbi\u00f3r \u015bwiadectw maturalnych b\u0119dzie mo\u017cliwy w szkole po okazaniu dowodu osobistego lub przedstawieniu upowa\u017cnienia 5 lipca 2021 r. (poniedzia\u0142ek) w godzinach 8:00 \u2013 15:00. W celu zachowania standard\u00f3w bezpiecze\u0144stwa osoby odbieraj\u0105ce \u015bwiadectwa zobowi\u0105zane s\u0105 do: \u2013 zachowania bezpiecznej odleg\u0142o\u015bci spo\u0142ecznej, \u2013 dezynfekcji r\u0105k, \u2013 za\u0142o\u017cenia maseczki zakrywaj\u0105cej nos i usta, \u2013 podpisania potwierdzenia odbioru \u015bwiadectwa w\u0142asnym d\u0142ugopisem. Od 5 lipca&hellip;<\/p>\n","protected":false},"author":1,"featured_media":0,"comment_status":"closed","ping_status":"closed","sticky":false,"template":"","format":"standard","meta":{"footnotes":""},"categories":[3],"tags":[],"class_list":["post-3450","post","type-post","status-publish","format-standard","hentry","category-aktualnosci"],"_links":{"self":[{"href":"https:\/\/zsce.pl\/index.php?rest_route=\/wp\/v2\/posts\/3450","targetHints":{"allow":["GET"]}}],"collection":[{"href":"https:\/\/zsce.pl\/index.php?rest_route=\/wp\/v2\/posts"}],"about":[{"href":"https:\/\/zsce.pl\/index.php?rest_route=\/wp\/v2\/types\/post"}],"author":[{"embeddable":true,"href":"https:\/\/zsce.pl\/index.php?rest_route=\/wp\/v2\/users\/1"}],"replies":[{"embeddable":true,"href":"https:\/\/zsce.pl\/index.php?rest_route=%2Fwp%2Fv2%2Fcomments&post=3450"}],"version-history":[{"count":12,"href":"https:\/\/zsce.pl\/index.php?rest_route=\/wp\/v2\/posts\/3450\/revisions"}],"predecessor-version":[{"id":3463,"href":"https:\/\/zsce.pl\/index.php?rest_route=\/wp\/v2\/posts\/3450\/revisions\/3463"}],"wp:attachment":[{"href":"https:\/\/zsce.pl\/index.php?rest_route=%2Fwp%2Fv2%2Fmedia&parent=3450"}],"wp:term":[{"taxonomy":"category","embeddable":true,"href":"https:\/\/zsce.pl\/index.php?rest_route=%2Fwp%2Fv2%2Fcategories&post=3450"},{"taxonomy":"post_tag","embeddable":true,"href":"https:\/\/zsce.pl\/index.php?rest_route=%2Fwp%2Fv2%2Ftags&post=3450"}],"curies":[{"name":"wp","href":"https:\/\/api.w.org\/{rel}","templated":true}]}}