{"id":3408,"date":"2021-05-28T20:47:53","date_gmt":"2021-05-28T19:47:53","guid":{"rendered":"http:\/\/zsce.pl\/?p=3408"},"modified":"2021-05-30T20:54:53","modified_gmt":"2021-05-30T19:54:53","slug":"od-poniedzialku-31-maja-2021-r-wraca-stacjonarna-nauka-w-szkolach","status":"publish","type":"post","link":"https:\/\/zsce.pl\/?p=3408","title":{"rendered":"Od poniedzia\u0142ku, 31 maja 2021 r. wraca stacjonarna nauka w szko\u0142ach"},"content":{"rendered":"<p><img loading=\"lazy\" decoding=\"async\" class=\"alignleft wp-image-3409\" src=\"http:\/\/zsce.pl\/wp-content\/uploads\/2021\/05\/mein.jpg\" alt=\"\" width=\"250\" height=\"85\" srcset=\"https:\/\/zsce.pl\/wp-content\/uploads\/2021\/05\/mein.jpg 824w, https:\/\/zsce.pl\/wp-content\/uploads\/2021\/05\/mein-660x224.jpg 660w, https:\/\/zsce.pl\/wp-content\/uploads\/2021\/05\/mein-768x261.jpg 768w\" sizes=\"auto, (max-width: 250px) 100vw, 250px\" \/><\/p>\n<p>&nbsp;<\/p>\n<p>&nbsp;<\/p>\n<p>&nbsp;<\/p>\n<p><strong><span style=\"font-family: helvetica, arial, sans-serif;\">Komunikat Ministerstwa Edukacji i Nauki<\/span><\/strong><\/p>\n<p style=\"text-align: justify;\"><span style=\"font-family: helvetica, arial, sans-serif;\">Ju\u017c od poniedzia\u0142ku, 31 maja br. wraca stacjonarna nauka w szko\u0142ach dla wszystkich uczni\u00f3w i s\u0142uchaczy. 28 maja br. Minister Edukacji i Nauki podpisa\u0142 stosowne przepisy w tym zakresie.<\/span><\/p>\n<p style=\"text-align: justify;\"><span style=\"font-family: helvetica, arial, sans-serif;\">Sytuacja epidemiczna na tyle si\u0119 poprawia, \u017ce w re\u017cimie sanitarnym i przy zachowaniu podstawowych zasad bezpiecze\u0144stwa wracamy do normalnej pracy szk\u00f3\u0142. Od 31 maja 2021 r. wszyscy uczniowie i s\u0142uchacze b\u0119d\u0105 kszta\u0142ci\u0107 si\u0119 na terenie szko\u0142y na zasadach obowi\u0105zuj\u0105cych przed okresem epidemii.\u00a0<\/span><\/p>\n<p style=\"text-align: justify;\"><span style=\"font-family: helvetica, arial, sans-serif;\">Stopniowo, ma\u0142ymi krokami przez ca\u0142y maj wracali\u015bmy do normalno\u015bci. Ju\u017c 4 maja do szko\u0142y mog\u0142y ucz\u0119szcza\u0107 dzieci z klas I-III szk\u00f3\u0142 podstawowych, a w kolejnych tygodniach starsi uczniowie.\u00a0<\/span><\/p>\n<p style=\"text-align: justify;\"><span style=\"font-family: helvetica, arial, sans-serif;\">Od 17 maja br. uczniowie klas IV-VIII szk\u00f3\u0142 podstawowych, szk\u00f3\u0142 ponadpodstawowych, plac\u00f3wek kszta\u0142cenia ustawicznego i centr\u00f3w kszta\u0142cenia zawodowego przeszli na nauk\u0119 w tzw. systemie hybrydowym (50 proc.\/50 proc.).\u00a0<\/span><\/p>\n<p style=\"text-align: justify;\"><span style=\"font-family: helvetica, arial, sans-serif;\">Od poniedzia\u0142ku, 31 maja br. szko\u0142y i plac\u00f3wki o\u015bwiatowe b\u0119d\u0105 funkcjonowa\u0142y w trybie stacjonarnym.\u00a0<\/span><\/p>\n<p style=\"text-align: justify;\"><span style=\"font-family: helvetica, arial, sans-serif;\">Jednocze\u015bnie rozporz\u0105dzenie przewiduje wyd\u0142u\u017cenie terminu mo\u017cliwo\u015bci ograniczania funkcjonowania jednostek systemu o\u015bwiaty, w kt\u00f3rych zaj\u0119cia zostan\u0105 zawieszone na podstawie przepis\u00f3w wydanych na podstawie odpowiednio\u00a0<em>art. 95a ustawy z dnia 7 wrze\u015bnia 1991 r. o systemie o\u015bwiaty (Dz. U. z 2020 r. poz. 1327 oraz z 2021 r. poz. 4), w brzmieniu obowi\u0105zuj\u0105cym przed dniem 1 wrze\u015bnia 2017 r., art. 32 ust. 11 oraz art. 47 ust. 3 pkt 1 ustawy z dnia 14 grudnia 2016 r. \u2013 Prawo o\u015bwiatowe<\/em>, w zwi\u0105zku z zapobieganiem, przeciwdzia\u0142aniem i zwalczaniem COVID-19.\u00a0<\/span><\/p>\n<p style=\"text-align: justify;\"><span style=\"font-family: helvetica, arial, sans-serif;\">Jednostki systemu o\u015bwiaty, kt\u00f3rych funkcjonowanie zostanie ograniczone, b\u0119d\u0105 mog\u0142y realizowa\u0107 zaj\u0119cia \u00a0z wykorzystaniem metod i technik kszta\u0142cenia na odleg\u0142o\u015b\u0107, zgodnie z przepisami wydanymi na podstawie art. 30c ustawy z dnia 14 grudnia 2016 r. \u2013 Prawo o\u015bwiatowe lub w inny spos\u00f3b ustalony przez dyrektora tej jednostki.<\/span><\/p>\n<h3 style=\"text-align: justify;\"><span style=\"font-family: helvetica, arial, sans-serif;\">Kszta\u0142cenie zawodowe<\/span><\/h3>\n<p style=\"text-align: justify;\"><span style=\"font-family: helvetica, arial, sans-serif;\">Zaj\u0119cia z zakresu praktycznej nauki zawodu (zaj\u0119cia praktyczne i praktyki zawodowe) b\u0119d\u0105 realizowane w pe\u0142nym wymiarze godzin w tradycyjny spos\u00f3b, tj. stacjonarnie w miejscu ich prowadzenia.\u00a0<\/span><\/p>\n<p style=\"text-align: justify;\"><span style=\"font-family: helvetica, arial, sans-serif;\">Zachowano jednocze\u015bnie mo\u017cliwo\u015b\u0107 zrealizowania praktyk zawodowych w innych formach wprowadzonych w okresie pandemii. Uczniowie wszystkich klas bran\u017cowych szk\u00f3\u0142 I stopnia, b\u0119d\u0105cy m\u0142odocianymi pracownikami, b\u0119d\u0105 realizowali zaj\u0119cia praktyczne u pracodawc\u00f3w w pe\u0142nym wymiarze godzin.<\/span><\/p>\n<h3 style=\"text-align: justify;\"><span style=\"font-family: helvetica, arial, sans-serif;\">Podstawa prawna<\/span><\/h3>\n<p style=\"text-align: justify;\"><span style=\"font-family: helvetica, arial, sans-serif;\">Rozporz\u0105dzenie Ministra Edukacji i Nauki z dnia 28 maja br. w sprawie czasowego ograniczenia funkcjonowania jednostek systemu o\u015bwiaty w zwi\u0105zku z zapobieganiem, przeciwdzia\u0142aniem i zwalczaniem COVID-19 (Rozporz\u0105dzenie skierowane do publikacji w dzienniku ustaw).<\/span><\/p>\n<p style=\"text-align: justify;\"><span style=\"font-family: helvetica, arial, sans-serif; font-size: 10pt;\">Departament Informacji i Promocji<br \/>\n<\/span><span style=\"font-family: helvetica, arial, sans-serif; font-size: 10pt;\">Ministerstwo Edukacji i Nauki<\/span><\/p>\n","protected":false},"excerpt":{"rendered":"<p>&nbsp; &nbsp; &nbsp; Komunikat Ministerstwa Edukacji i Nauki Ju\u017c od poniedzia\u0142ku, 31 maja br. wraca stacjonarna nauka w szko\u0142ach dla wszystkich uczni\u00f3w i s\u0142uchaczy. 28 maja br. Minister Edukacji i Nauki podpisa\u0142 stosowne przepisy w tym zakresie. Sytuacja epidemiczna na tyle si\u0119 poprawia, \u017ce w re\u017cimie sanitarnym i przy zachowaniu podstawowych zasad bezpiecze\u0144stwa wracamy do normalnej pracy szk\u00f3\u0142. Od 31&hellip;<\/p>\n","protected":false},"author":1,"featured_media":0,"comment_status":"closed","ping_status":"closed","sticky":false,"template":"","format":"standard","meta":{"footnotes":""},"categories":[3],"tags":[],"class_list":["post-3408","post","type-post","status-publish","format-standard","hentry","category-aktualnosci"],"_links":{"self":[{"href":"https:\/\/zsce.pl\/index.php?rest_route=\/wp\/v2\/posts\/3408","targetHints":{"allow":["GET"]}}],"collection":[{"href":"https:\/\/zsce.pl\/index.php?rest_route=\/wp\/v2\/posts"}],"about":[{"href":"https:\/\/zsce.pl\/index.php?rest_route=\/wp\/v2\/types\/post"}],"author":[{"embeddable":true,"href":"https:\/\/zsce.pl\/index.php?rest_route=\/wp\/v2\/users\/1"}],"replies":[{"embeddable":true,"href":"https:\/\/zsce.pl\/index.php?rest_route=%2Fwp%2Fv2%2Fcomments&post=3408"}],"version-history":[{"count":2,"href":"https:\/\/zsce.pl\/index.php?rest_route=\/wp\/v2\/posts\/3408\/revisions"}],"predecessor-version":[{"id":3411,"href":"https:\/\/zsce.pl\/index.php?rest_route=\/wp\/v2\/posts\/3408\/revisions\/3411"}],"wp:attachment":[{"href":"https:\/\/zsce.pl\/index.php?rest_route=%2Fwp%2Fv2%2Fmedia&parent=3408"}],"wp:term":[{"taxonomy":"category","embeddable":true,"href":"https:\/\/zsce.pl\/index.php?rest_route=%2Fwp%2Fv2%2Fcategories&post=3408"},{"taxonomy":"post_tag","embeddable":true,"href":"https:\/\/zsce.pl\/index.php?rest_route=%2Fwp%2Fv2%2Ftags&post=3408"}],"curies":[{"name":"wp","href":"https:\/\/api.w.org\/{rel}","templated":true}]}}