{"id":3008,"date":"2021-01-13T18:45:49","date_gmt":"2021-01-13T17:45:49","guid":{"rendered":"http:\/\/zsce.pl\/?p=3008"},"modified":"2021-01-13T18:51:22","modified_gmt":"2021-01-13T17:51:22","slug":"stypendia-miejskie-2","status":"publish","type":"post","link":"https:\/\/zsce.pl\/?p=3008","title":{"rendered":"Stypendia miejskie"},"content":{"rendered":"<p><img loading=\"lazy\" decoding=\"async\" class=\"wp-image-2419 aligncenter\" src=\"http:\/\/zsce.pl\/wp-content\/uploads\/2020\/06\/miejskie_wniosek_VI_2020_new.jpg\" alt=\"\" width=\"84\" height=\"120\" \/><\/p>\n<h2 style=\"text-align: center;\"><strong>Rusza kolejna edycja programu STYPENDIA MIEJSKIE<\/strong><\/h2>\n<p>&nbsp;<\/p>\n<ul>\n<li style=\"text-align: justify;\"><span style=\"color: #ff0000;\">Termin sk\u0142adania wniosk\u00f3w: do 5 LUTEGO 2021 r.<\/span><\/li>\n<li style=\"text-align: justify;\"><span style=\"color: #ff0000;\">Do wniosku za\u0142\u0105czamy dokumenty dotycz\u0105ce wynagrodze\u0144 &#8211; oryginalne lub potwierdzone za zgodno\u015b\u0107 z orygina\u0142em.<\/span><\/li>\n<li style=\"text-align: justify;\"><span style=\"color: #ff0000;\">Przedstawione dochody powinny obrazowa\u0107 sytuacj\u0119 rodziny\u00a0<u>od 1 pa\u017adziernika do 31 grudnia 2020<\/u> roku \u2013 osoby bezrobotne, kt\u00f3re nie maj\u0105 zasi\u0142ku i nie za\u0142\u0105cz\u0105 za\u015bwiadczenia za pe\u0142ny okres powinny wyra\u017anie napisa\u0107, \u017ce w powy\u017cszym okresie by\u0142y bezrobotne i nie uzyskiwa\u0142y dochod\u00f3w.<\/span><\/li>\n<li style=\"text-align: justify;\"><span style=\"color: #ff0000;\">Za\u015bwiadczenia \u2013 obowi\u0105zuj\u0105\u00a0<u>kwoty BRUTTO.<\/u><\/span><\/li>\n<li style=\"text-align: justify;\"><span style=\"color: #ff0000;\">Uczniowie \/ studenci powinni mie\u0107 wpisan\u0105 skr\u00f3con\u0105\u00a0<strong>nazw\u0119 szko\u0142y \/ uczelni<\/strong>, a pracownicy nazw\u0119 zak\u0142adu pracy.<\/span><\/li>\n<\/ul>\n<p>&nbsp;<\/p>\n<p style=\"text-align: justify;\">Do dochodu, podobnie jak w roku poprzednim, <u>wliczamy<\/u>\u00a0dodatkowe \u015bwiadczenie wyp\u0142acone w ubieg\u0142ym roku wszystkim emerytom i rencistom,\u00a0<u>tzw. 13-t\u0105 emerytur\u0119.<\/u>\u00a0\u015awiadczenie przyznane zosta\u0142o w wysoko\u015bci 1.200 z\u0142 brutto &#8211; do wniosku do \u015bredniego dochodu doliczamy 1\/12 tej kwoty.<\/p>\n<p style=\"text-align: justify;\">Bardzo prosz\u0119 zwr\u00f3ci\u0107 uwag\u0119 na uczni\u00f3w i rodze\u0144stwo ucz\u0105ce si\u0119 w klasie\u00a0 II i III szk\u00f3\u0142 bran\u017cowych prowadzonych przez Miasto P\u0142ock,\u00a0gdy\u017c \u015brednia wysoko\u015b\u0107 stypendium bran\u017cowego za okres X \u2013 XII.2020 jest wliczana do wniosku o przyznanie stypendium miejskiego\u00a0<u>(<\/u><u>oznacza to kwoty wyp\u0142acone w okresie XI.2020 \u2013 I.2021<\/u><u>).<\/u><\/p>\n<p><u>Prawid\u0142owo<\/u> wype\u0142niony wniosek wraz z za\u0142\u0105cznikami mo\u017cna sk\u0142ada\u0107 osobi\u015bcie w szkole (wrzucaj\u0105c do oznaczonego kartonu przy portierni) \u00a0lub wys\u0142a\u0107\u00a0 do szko\u0142y za po\u015brednictwem Poczty Polskiej (decyduje data stempla pocztowego).<\/p>\n<p style=\"text-align: center;\"><img loading=\"lazy\" decoding=\"async\" class=\"alignnone wp-image-1211\" src=\"http:\/\/zsce.pl\/wp-content\/uploads\/2018\/10\/ikona-PDF_imagelarge.png\" alt=\"\" width=\"25\" height=\"25\" srcset=\"https:\/\/zsce.pl\/wp-content\/uploads\/2018\/10\/ikona-PDF_imagelarge.png 512w, https:\/\/zsce.pl\/wp-content\/uploads\/2018\/10\/ikona-PDF_imagelarge-365x365.png 365w\" sizes=\"auto, (max-width: 25px) 100vw, 25px\" \/>\u00a0 <a href=\"http:\/\/zsce.pl\/wp-content\/uploads\/2021\/01\/miejskie_wniosek_II_2021_new.pdf\" target=\"_blank\" rel=\"noopener\"><strong>Wniosek<\/strong> (do pobrania)<\/a><\/p>\n<p>&nbsp;<\/p>\n","protected":false},"excerpt":{"rendered":"<p>Rusza kolejna edycja programu STYPENDIA MIEJSKIE &nbsp; Termin sk\u0142adania wniosk\u00f3w: do 5 LUTEGO 2021 r. Do wniosku za\u0142\u0105czamy dokumenty dotycz\u0105ce wynagrodze\u0144 &#8211; oryginalne lub potwierdzone za zgodno\u015b\u0107 z orygina\u0142em. Przedstawione dochody powinny obrazowa\u0107 sytuacj\u0119 rodziny\u00a0od 1 pa\u017adziernika do 31 grudnia 2020 roku \u2013 osoby bezrobotne, kt\u00f3re nie maj\u0105 zasi\u0142ku i nie za\u0142\u0105cz\u0105 za\u015bwiadczenia za pe\u0142ny okres powinny wyra\u017anie napisa\u0107, \u017ce&hellip;<\/p>\n","protected":false},"author":1,"featured_media":0,"comment_status":"closed","ping_status":"closed","sticky":false,"template":"","format":"standard","meta":{"footnotes":""},"categories":[3],"tags":[],"class_list":["post-3008","post","type-post","status-publish","format-standard","hentry","category-aktualnosci"],"_links":{"self":[{"href":"https:\/\/zsce.pl\/index.php?rest_route=\/wp\/v2\/posts\/3008","targetHints":{"allow":["GET"]}}],"collection":[{"href":"https:\/\/zsce.pl\/index.php?rest_route=\/wp\/v2\/posts"}],"about":[{"href":"https:\/\/zsce.pl\/index.php?rest_route=\/wp\/v2\/types\/post"}],"author":[{"embeddable":true,"href":"https:\/\/zsce.pl\/index.php?rest_route=\/wp\/v2\/users\/1"}],"replies":[{"embeddable":true,"href":"https:\/\/zsce.pl\/index.php?rest_route=%2Fwp%2Fv2%2Fcomments&post=3008"}],"version-history":[{"count":9,"href":"https:\/\/zsce.pl\/index.php?rest_route=\/wp\/v2\/posts\/3008\/revisions"}],"predecessor-version":[{"id":3018,"href":"https:\/\/zsce.pl\/index.php?rest_route=\/wp\/v2\/posts\/3008\/revisions\/3018"}],"wp:attachment":[{"href":"https:\/\/zsce.pl\/index.php?rest_route=%2Fwp%2Fv2%2Fmedia&parent=3008"}],"wp:term":[{"taxonomy":"category","embeddable":true,"href":"https:\/\/zsce.pl\/index.php?rest_route=%2Fwp%2Fv2%2Fcategories&post=3008"},{"taxonomy":"post_tag","embeddable":true,"href":"https:\/\/zsce.pl\/index.php?rest_route=%2Fwp%2Fv2%2Ftags&post=3008"}],"curies":[{"name":"wp","href":"https:\/\/api.w.org\/{rel}","templated":true}]}}