{"id":2833,"date":"2020-12-07T23:52:01","date_gmt":"2020-12-07T22:52:01","guid":{"rendered":"http:\/\/zsce.pl\/?p=2833"},"modified":"2020-12-07T23:52:38","modified_gmt":"2020-12-07T22:52:38","slug":"ostanie-pozegnanie-p-jerzego-wojciecha-przedzinskiego","status":"publish","type":"post","link":"https:\/\/zsce.pl\/?p=2833","title":{"rendered":"Ostanie po\u017cegnanie p. Jerzego Wojciecha Prz\u0119dzi\u0144skiego"},"content":{"rendered":"<p style=\"text-align: center;\"><img loading=\"lazy\" decoding=\"async\" class=\"aligncenter size-full wp-image-2822\" src=\"http:\/\/zsce.pl\/wp-content\/uploads\/2020\/11\/smutek-klipart_csp22721211.jpg\" alt=\"\" width=\"300\" height=\"131\" \/><\/p>\n<p>&nbsp;<\/p>\n<p style=\"text-align: center;\">Z \u017calem zawiadamiamy, \u017ce w dniu 24 listopada 2020 r., zmar\u0142 prze\u017cywszy 87 lat \u015b.p. Jerzy Wojciech Prz\u0119dzi\u0144ski,<br \/>\nd\u0142ugoletni pracownik Zespo\u0142u Szk\u00f3\u0142 Centrum Edukacji im. Ignacego \u0141ukasiewicza.<\/p>\n<p style=\"text-align: center;\">Uroczysto\u015bci pogrzebowe odb\u0119d\u0105 si\u0119 12 grudnia 2020 r. o godz. 10:00 w Bazylice Katedralnej,<br \/>\npo czym nast\u0105pi przewiezienie zw\u0142ok do groby na Cmentarz Zabytkowy.<\/p>\n","protected":false},"excerpt":{"rendered":"<p>&nbsp; Z \u017calem zawiadamiamy, \u017ce w dniu 24 listopada 2020 r., zmar\u0142 prze\u017cywszy 87 lat \u015b.p. Jerzy Wojciech Prz\u0119dzi\u0144ski, d\u0142ugoletni pracownik Zespo\u0142u Szk\u00f3\u0142 Centrum Edukacji im. Ignacego \u0141ukasiewicza. Uroczysto\u015bci pogrzebowe odb\u0119d\u0105 si\u0119 12 grudnia 2020 r. o godz. 10:00 w Bazylice Katedralnej, po czym nast\u0105pi przewiezienie zw\u0142ok do groby na Cmentarz Zabytkowy.<\/p>\n","protected":false},"author":1,"featured_media":0,"comment_status":"closed","ping_status":"closed","sticky":false,"template":"","format":"standard","meta":{"footnotes":""},"categories":[3],"tags":[],"class_list":["post-2833","post","type-post","status-publish","format-standard","hentry","category-aktualnosci"],"_links":{"self":[{"href":"https:\/\/zsce.pl\/index.php?rest_route=\/wp\/v2\/posts\/2833","targetHints":{"allow":["GET"]}}],"collection":[{"href":"https:\/\/zsce.pl\/index.php?rest_route=\/wp\/v2\/posts"}],"about":[{"href":"https:\/\/zsce.pl\/index.php?rest_route=\/wp\/v2\/types\/post"}],"author":[{"embeddable":true,"href":"https:\/\/zsce.pl\/index.php?rest_route=\/wp\/v2\/users\/1"}],"replies":[{"embeddable":true,"href":"https:\/\/zsce.pl\/index.php?rest_route=%2Fwp%2Fv2%2Fcomments&post=2833"}],"version-history":[{"count":2,"href":"https:\/\/zsce.pl\/index.php?rest_route=\/wp\/v2\/posts\/2833\/revisions"}],"predecessor-version":[{"id":2835,"href":"https:\/\/zsce.pl\/index.php?rest_route=\/wp\/v2\/posts\/2833\/revisions\/2835"}],"wp:attachment":[{"href":"https:\/\/zsce.pl\/index.php?rest_route=%2Fwp%2Fv2%2Fmedia&parent=2833"}],"wp:term":[{"taxonomy":"category","embeddable":true,"href":"https:\/\/zsce.pl\/index.php?rest_route=%2Fwp%2Fv2%2Fcategories&post=2833"},{"taxonomy":"post_tag","embeddable":true,"href":"https:\/\/zsce.pl\/index.php?rest_route=%2Fwp%2Fv2%2Ftags&post=2833"}],"curies":[{"name":"wp","href":"https:\/\/api.w.org\/{rel}","templated":true}]}}