{"id":2821,"date":"2020-11-24T22:32:22","date_gmt":"2020-11-24T21:32:22","guid":{"rendered":"http:\/\/zsce.pl\/?p=2821"},"modified":"2020-11-24T22:47:07","modified_gmt":"2020-11-24T21:47:07","slug":"ostanie-pozegnanie-p-teresy-hajduk","status":"publish","type":"post","link":"https:\/\/zsce.pl\/?p=2821","title":{"rendered":"Ostanie po\u017cegnanie p. Teresy Hajduk"},"content":{"rendered":"<p><img loading=\"lazy\" decoding=\"async\" class=\"aligncenter wp-image-2822\" src=\"http:\/\/zsce.pl\/wp-content\/uploads\/2020\/11\/smutek-klipart_csp22721211.jpg\" alt=\"\" width=\"252\" height=\"110\" \/><\/p>\n<p style=\"text-align: center;\">Z \u017calem zawiadamiamy, \u017ce zmar\u0142a Teresa Hajduk,<br \/>\nd\u0142ugoletni pracownik Zespo\u0142u Szk\u00f3\u0142 Centrum Edukacji im. Ignacego \u0141ukasiewicza.<\/p>\n<p style=\"text-align: center;\">Uroczysto\u015bci pogrzebowe odb\u0119d\u0105 si\u0119 w \u015brod\u0119 25.11.2020 r. o godz. 14:00<br \/>\nw Kaplicy na Cmentarzu Zabytkowym przy ul. Kobyli\u0144skiego 25<\/p>\n<p>&nbsp;<\/p>\n","protected":false},"excerpt":{"rendered":"<p>Z \u017calem zawiadamiamy, \u017ce zmar\u0142a Teresa Hajduk, d\u0142ugoletni pracownik Zespo\u0142u Szk\u00f3\u0142 Centrum Edukacji im. Ignacego \u0141ukasiewicza. Uroczysto\u015bci pogrzebowe odb\u0119d\u0105 si\u0119 w \u015brod\u0119 25.11.2020 r. o godz. 14:00 w Kaplicy na Cmentarzu Zabytkowym przy ul. Kobyli\u0144skiego 25 &nbsp;<\/p>\n","protected":false},"author":1,"featured_media":0,"comment_status":"closed","ping_status":"closed","sticky":false,"template":"","format":"standard","meta":{"footnotes":""},"categories":[3],"tags":[],"class_list":["post-2821","post","type-post","status-publish","format-standard","hentry","category-aktualnosci"],"_links":{"self":[{"href":"https:\/\/zsce.pl\/index.php?rest_route=\/wp\/v2\/posts\/2821","targetHints":{"allow":["GET"]}}],"collection":[{"href":"https:\/\/zsce.pl\/index.php?rest_route=\/wp\/v2\/posts"}],"about":[{"href":"https:\/\/zsce.pl\/index.php?rest_route=\/wp\/v2\/types\/post"}],"author":[{"embeddable":true,"href":"https:\/\/zsce.pl\/index.php?rest_route=\/wp\/v2\/users\/1"}],"replies":[{"embeddable":true,"href":"https:\/\/zsce.pl\/index.php?rest_route=%2Fwp%2Fv2%2Fcomments&post=2821"}],"version-history":[{"count":4,"href":"https:\/\/zsce.pl\/index.php?rest_route=\/wp\/v2\/posts\/2821\/revisions"}],"predecessor-version":[{"id":2826,"href":"https:\/\/zsce.pl\/index.php?rest_route=\/wp\/v2\/posts\/2821\/revisions\/2826"}],"wp:attachment":[{"href":"https:\/\/zsce.pl\/index.php?rest_route=%2Fwp%2Fv2%2Fmedia&parent=2821"}],"wp:term":[{"taxonomy":"category","embeddable":true,"href":"https:\/\/zsce.pl\/index.php?rest_route=%2Fwp%2Fv2%2Fcategories&post=2821"},{"taxonomy":"post_tag","embeddable":true,"href":"https:\/\/zsce.pl\/index.php?rest_route=%2Fwp%2Fv2%2Ftags&post=2821"}],"curies":[{"name":"wp","href":"https:\/\/api.w.org\/{rel}","templated":true}]}}