{"id":2690,"date":"2020-09-08T11:39:17","date_gmt":"2020-09-08T10:39:17","guid":{"rendered":"http:\/\/zsce.pl\/?p=2690"},"modified":"2020-09-08T11:58:51","modified_gmt":"2020-09-08T10:58:51","slug":"zebrania-wychowawcow-klas-z-rodzicami-uczniow-klas-pierwszych","status":"publish","type":"post","link":"https:\/\/zsce.pl\/?p=2690","title":{"rendered":"Zebrania wychowawc\u00f3w klas z rodzicami uczni\u00f3w klas pierwszych"},"content":{"rendered":"<p>&nbsp;<\/p>\n<p><span style=\"font-size: 14pt;\"><em>Szanowni Pa\u0144stwo Rodzice \/ Opiekunowie prawni<\/em><\/span><\/p>\n<p style=\"text-align: justify;\"><span style=\"font-size: 14pt;\">w dniu <strong>14 wrze\u015bnia (poniedzia\u0142ek) o godz. 16:00<\/strong> odb\u0119d\u0105 si\u0119 zebrania z wychowawcami klas pierwszych zgodnie z poni\u017cszym harmonogramem.<\/span><\/p>\n<p><img loading=\"lazy\" decoding=\"async\" class=\"aligncenter wp-image-2694\" src=\"http:\/\/zsce.pl\/wp-content\/uploads\/2020\/09\/zebrania_klasy_pierwsze_2020.jpg\" alt=\"\" width=\"600\" height=\"339\" srcset=\"https:\/\/zsce.pl\/wp-content\/uploads\/2020\/09\/zebrania_klasy_pierwsze_2020.jpg 700w, https:\/\/zsce.pl\/wp-content\/uploads\/2020\/09\/zebrania_klasy_pierwsze_2020-647x365.jpg 647w\" sizes=\"auto, (max-width: 600px) 100vw, 600px\" \/><\/p>\n<p style=\"text-align: center;\"><span style=\"font-size: 14pt;\">Prosimy o wchodzenie do budynku wej\u015bciami przypisanymi do poszczeg\u00f3lnych sal lekcyjnych.<\/span><\/p>\n<p><img loading=\"lazy\" decoding=\"async\" class=\"aligncenter wp-image-2698\" src=\"http:\/\/zsce.pl\/wp-content\/uploads\/2020\/09\/wejscia_do_budynku_M.jpg\" alt=\"\" width=\"750\" height=\"717\" srcset=\"https:\/\/zsce.pl\/wp-content\/uploads\/2020\/09\/wejscia_do_budynku_M.jpg 1174w, https:\/\/zsce.pl\/wp-content\/uploads\/2020\/09\/wejscia_do_budynku_M-382x365.jpg 382w, https:\/\/zsce.pl\/wp-content\/uploads\/2020\/09\/wejscia_do_budynku_M-840x804.jpg 840w, https:\/\/zsce.pl\/wp-content\/uploads\/2020\/09\/wejscia_do_budynku_M-768x735.jpg 768w\" sizes=\"auto, (max-width: 750px) 100vw, 750px\" \/><\/p>\n<p>&nbsp;<\/p>\n<ul>\n<li style=\"text-align: justify;\"><span style=\"font-size: 14pt;\">Przed wej\u015bciem do budynku szko\u0142y nale\u017cy zdezynfekowa\u0107 r\u0119ce z u\u017cyciem \u015brodka dezynfekuj\u0105cego.<\/span><\/li>\n<li style=\"text-align: justify;\"><span style=\"font-size: 14pt;\">Przed sal\u0105 lekcyjn\u0105 nale\u017cy przebywa\u0107 z twarz\u0105 zas\u0142oni\u0119t\u0105 maseczk\u0105 ochronn\u0105 lub przy\u0142bic\u0105.<\/span><\/li>\n<li style=\"text-align: justify;\"><span style=\"font-size: 14pt;\">Na terenie Zespo\u0142u Szk\u00f3\u0142 Centrum Edukacji im. Ignacego \u0141ukasiewicza nale\u017cy stosowa\u0107 si\u0119 do obowi\u0105zuj\u0105cych <strong><a href=\"http:\/\/zsce.pl\/?page_id=2622\" target=\"_blank\" rel=\"noopener noreferrer\"><span style=\"color: #ff0000;\">procedur<\/span><\/a><\/strong> zwi\u0105zanych z zachowaniem bezpiecze\u0144stwa przed zaka\u017ceniem si\u0119 koronawirusem.<\/span><\/li>\n<\/ul>\n<p>&nbsp;<\/p>\n","protected":false},"excerpt":{"rendered":"<p>&nbsp; Szanowni Pa\u0144stwo Rodzice \/ Opiekunowie prawni w dniu 14 wrze\u015bnia (poniedzia\u0142ek) o godz. 16:00 odb\u0119d\u0105 si\u0119 zebrania z wychowawcami klas pierwszych zgodnie z poni\u017cszym harmonogramem. Prosimy o wchodzenie do budynku wej\u015bciami przypisanymi do poszczeg\u00f3lnych sal lekcyjnych. &nbsp; Przed wej\u015bciem do budynku szko\u0142y nale\u017cy zdezynfekowa\u0107 r\u0119ce z u\u017cyciem \u015brodka dezynfekuj\u0105cego. Przed sal\u0105 lekcyjn\u0105 nale\u017cy przebywa\u0107 z twarz\u0105 zas\u0142oni\u0119t\u0105 maseczk\u0105 ochronn\u0105&hellip;<\/p>\n","protected":false},"author":1,"featured_media":0,"comment_status":"closed","ping_status":"closed","sticky":false,"template":"","format":"standard","meta":{"footnotes":""},"categories":[3],"tags":[],"class_list":["post-2690","post","type-post","status-publish","format-standard","hentry","category-aktualnosci"],"_links":{"self":[{"href":"https:\/\/zsce.pl\/index.php?rest_route=\/wp\/v2\/posts\/2690","targetHints":{"allow":["GET"]}}],"collection":[{"href":"https:\/\/zsce.pl\/index.php?rest_route=\/wp\/v2\/posts"}],"about":[{"href":"https:\/\/zsce.pl\/index.php?rest_route=\/wp\/v2\/types\/post"}],"author":[{"embeddable":true,"href":"https:\/\/zsce.pl\/index.php?rest_route=\/wp\/v2\/users\/1"}],"replies":[{"embeddable":true,"href":"https:\/\/zsce.pl\/index.php?rest_route=%2Fwp%2Fv2%2Fcomments&post=2690"}],"version-history":[{"count":11,"href":"https:\/\/zsce.pl\/index.php?rest_route=\/wp\/v2\/posts\/2690\/revisions"}],"predecessor-version":[{"id":2703,"href":"https:\/\/zsce.pl\/index.php?rest_route=\/wp\/v2\/posts\/2690\/revisions\/2703"}],"wp:attachment":[{"href":"https:\/\/zsce.pl\/index.php?rest_route=%2Fwp%2Fv2%2Fmedia&parent=2690"}],"wp:term":[{"taxonomy":"category","embeddable":true,"href":"https:\/\/zsce.pl\/index.php?rest_route=%2Fwp%2Fv2%2Fcategories&post=2690"},{"taxonomy":"post_tag","embeddable":true,"href":"https:\/\/zsce.pl\/index.php?rest_route=%2Fwp%2Fv2%2Ftags&post=2690"}],"curies":[{"name":"wp","href":"https:\/\/api.w.org\/{rel}","templated":true}]}}