{"id":2610,"date":"2020-08-28T11:15:23","date_gmt":"2020-08-28T10:15:23","guid":{"rendered":"http:\/\/zsce.pl\/?p=2610"},"modified":"2020-08-31T12:55:28","modified_gmt":"2020-08-31T11:55:28","slug":"organizacja-rozpoczecia-roku-szkolnego-2020-2021","status":"publish","type":"post","link":"https:\/\/zsce.pl\/?p=2610","title":{"rendered":"Organizacja rozpocz\u0119cia roku szkolnego 2020\/2021"},"content":{"rendered":"<p><img loading=\"lazy\" decoding=\"async\" class=\"aligncenter wp-image-2232\" src=\"http:\/\/zsce.pl\/wp-content\/uploads\/2020\/04\/ZSCE_logo.png\" alt=\"\" width=\"131\" height=\"80\" \/><\/p>\n<p>&nbsp;<\/p>\n<p style=\"text-align: center;\"><span style=\"font-size: 12pt;\"><em>Drodzy Uczniowie i Uczennice<\/em><\/span><br \/>\n<span style=\"font-size: 12pt;\"><em>V liceum Og\u00f3lnokszta\u0142c\u0105cego i Technikum,<\/em><\/span><\/p>\n<p style=\"text-align: center;\"><span style=\"font-size: 12pt;\">1 wrze\u015bnia 2020 r. rozpoczynamy nowy rok szkolny 2020\/2021 ze wzgl\u0119du na panuj\u0105c\u0105 sytuacj\u0119 epidemiologiczn\u0105 inaczej ni\u017c zazwyczaj.<br \/>\nProsimy o zapoznanie si\u0119 z zamieszczon\u0105 organizacj\u0105 rozpocz\u0119cia roku szkolnego 2020\/2021.<br \/>\n<\/span><\/p>\n<p style=\"text-align: center;\"><span style=\"font-size: 12pt;\">Zapraszamy Was serdecznie na spotkania z wychowawcami, kt\u00f3re odb\u0119d\u0105 si\u0119 w dniu 1 wrze\u015bnia zgodnie z harmonogramem.<\/span><\/p>\n<p style=\"text-align: center;\"><span style=\"font-size: 12pt;\"><img loading=\"lazy\" decoding=\"async\" class=\"wp-image-1211 alignnone\" src=\"http:\/\/zsce.pl\/wp-content\/uploads\/2018\/10\/ikona-PDF_imagelarge.png\" alt=\"\" width=\"25\" height=\"25\" srcset=\"https:\/\/zsce.pl\/wp-content\/uploads\/2018\/10\/ikona-PDF_imagelarge.png 512w, https:\/\/zsce.pl\/wp-content\/uploads\/2018\/10\/ikona-PDF_imagelarge-365x365.png 365w\" sizes=\"auto, (max-width: 25px) 100vw, 25px\" \/>\u00a0 <strong><span style=\"color: #ff0000;\"><a style=\"color: #ff0000;\" href=\"http:\/\/zsce.pl\/wp-content\/uploads\/2020\/08\/Organizacja_rozpocz\u0119cia_roku_szkolnego__2020-2021.pdf\" target=\"_blank\" rel=\"noopener noreferrer\">Organizacja rozpocz\u0119cia roku szkolnego 2020\/2021<\/a><\/span><br \/>\n<\/strong><\/span><\/p>\n<p style=\"text-align: center;\"><span style=\"font-size: 12pt;\"><strong><em>Cieszymy si\u0119 na spotkanie z Wami !<br \/>\nDo zobaczenia we wtorek !<\/em><\/strong><\/span><\/p>\n<p style=\"text-align: center;\"><strong>Uwaga ! Prosimy o zabranie ze sob\u0105 d\u0142ugopisu !!!<\/strong><\/p>\n<p style=\"text-align: center;\"><img loading=\"lazy\" decoding=\"async\" class=\"wp-image-1211 alignnone\" src=\"http:\/\/zsce.pl\/wp-content\/uploads\/2018\/10\/ikona-PDF_imagelarge.png\" alt=\"\" width=\"25\" height=\"25\" srcset=\"https:\/\/zsce.pl\/wp-content\/uploads\/2018\/10\/ikona-PDF_imagelarge.png 512w, https:\/\/zsce.pl\/wp-content\/uploads\/2018\/10\/ikona-PDF_imagelarge-365x365.png 365w\" sizes=\"auto, (max-width: 25px) 100vw, 25px\" \/> <a href=\"http:\/\/zsce.pl\/wp-content\/uploads\/2020\/08\/Komunikat_Dyrektora_ZSCE_28082020.pdf\" target=\"_blank\" rel=\"noopener noreferrer\"><span style=\"color: #ff0000;\">Komunikat Dyrektora Zespo\u0142u Szk\u00f3\u0142 Centrum Edukacji im. Ignacego \u0141ukasiewicza z dnia 28.08.2020 r.<\/span><\/a><\/p>\n<p>&nbsp;<\/p>\n","protected":false},"excerpt":{"rendered":"<p>&nbsp; Drodzy Uczniowie i Uczennice V liceum Og\u00f3lnokszta\u0142c\u0105cego i Technikum, 1 wrze\u015bnia 2020 r. rozpoczynamy nowy rok szkolny 2020\/2021 ze wzgl\u0119du na panuj\u0105c\u0105 sytuacj\u0119 epidemiologiczn\u0105 inaczej ni\u017c zazwyczaj. Prosimy o zapoznanie si\u0119 z zamieszczon\u0105 organizacj\u0105 rozpocz\u0119cia roku szkolnego 2020\/2021. Zapraszamy Was serdecznie na spotkania z wychowawcami, kt\u00f3re odb\u0119d\u0105 si\u0119 w dniu 1 wrze\u015bnia zgodnie z harmonogramem. \u00a0 Organizacja rozpocz\u0119cia roku&hellip;<\/p>\n","protected":false},"author":1,"featured_media":0,"comment_status":"closed","ping_status":"closed","sticky":false,"template":"","format":"standard","meta":{"footnotes":""},"categories":[3],"tags":[],"class_list":["post-2610","post","type-post","status-publish","format-standard","hentry","category-aktualnosci"],"_links":{"self":[{"href":"https:\/\/zsce.pl\/index.php?rest_route=\/wp\/v2\/posts\/2610","targetHints":{"allow":["GET"]}}],"collection":[{"href":"https:\/\/zsce.pl\/index.php?rest_route=\/wp\/v2\/posts"}],"about":[{"href":"https:\/\/zsce.pl\/index.php?rest_route=\/wp\/v2\/types\/post"}],"author":[{"embeddable":true,"href":"https:\/\/zsce.pl\/index.php?rest_route=\/wp\/v2\/users\/1"}],"replies":[{"embeddable":true,"href":"https:\/\/zsce.pl\/index.php?rest_route=%2Fwp%2Fv2%2Fcomments&post=2610"}],"version-history":[{"count":13,"href":"https:\/\/zsce.pl\/index.php?rest_route=\/wp\/v2\/posts\/2610\/revisions"}],"predecessor-version":[{"id":2636,"href":"https:\/\/zsce.pl\/index.php?rest_route=\/wp\/v2\/posts\/2610\/revisions\/2636"}],"wp:attachment":[{"href":"https:\/\/zsce.pl\/index.php?rest_route=%2Fwp%2Fv2%2Fmedia&parent=2610"}],"wp:term":[{"taxonomy":"category","embeddable":true,"href":"https:\/\/zsce.pl\/index.php?rest_route=%2Fwp%2Fv2%2Fcategories&post=2610"},{"taxonomy":"post_tag","embeddable":true,"href":"https:\/\/zsce.pl\/index.php?rest_route=%2Fwp%2Fv2%2Ftags&post=2610"}],"curies":[{"name":"wp","href":"https:\/\/api.w.org\/{rel}","templated":true}]}}