{"id":2537,"date":"2020-08-04T13:55:06","date_gmt":"2020-08-04T12:55:06","guid":{"rendered":"http:\/\/zsce.pl\/?p=2537"},"modified":"2020-08-09T13:37:24","modified_gmt":"2020-08-09T12:37:24","slug":"odbior-swiadectw-maturalnych","status":"publish","type":"post","link":"https:\/\/zsce.pl\/?p=2537","title":{"rendered":"Odbi\u00f3r \u015bwiadectw maturalnych"},"content":{"rendered":"<p style=\"text-align: justify;\"><span style=\"font-size: 14pt;\">Odbi\u00f3r \u015bwiadectw maturalnych b\u0119dzie mo\u017cliwy w szkole po okazaniu dowodu osobistego lub przedstawieniu upowa\u017cnienia <strong>12 sierpnia 2020 r.<\/strong> w godzinach <strong>8:00 \u2013 15:00<\/strong><\/span><\/p>\n<p style=\"text-align: justify;\">W celu zachowania standard\u00f3w bezpiecze\u0144stwa osoby odbieraj\u0105ce \u015bwiadectwa zobowi\u0105zane s\u0105 do:<\/p>\n<ul>\n<li style=\"text-align: justify;\">zachowania bezpiecznej odleg\u0142o\u015bci spo\u0142ecznej,<\/li>\n<li style=\"text-align: justify;\">dezynfekcji r\u0105k,<\/li>\n<li style=\"text-align: justify;\">za\u0142o\u017cenia maseczki zakrywaj\u0105cej nos i usta,<\/li>\n<li style=\"text-align: justify;\">podpisania potwierdzenia odbioru \u015bwiadectwa w\u0142asnym d\u0142ugopisem.<\/li>\n<\/ul>\n<p style=\"text-align: justify;\">Od 11 sierpnia 2020 r. absolwenci mog\u0105 pozna\u0107 swoje wyniki elektronicznie pod adresem: <a href=\"https:\/\/okewarszawa.azurewebsites.net\" target=\"_blank\" rel=\"noopener noreferrer\"><strong>https:\/\/okewarszawa.azurewebsites.net<\/strong><\/a><br \/>\nLoginy i has\u0142a absolwenci otrzymali przy odbiorze \u015bwiadectw uko\u0144czenia szko\u0142y.<\/p>\n<p>&nbsp;<\/p>\n<p style=\"text-align: justify;\"><span style=\"font-size: 14pt;\"><strong>Informacja dla absolwent\u00f3w dotycz\u0105ca EGZAMINU POPRAWKOWEGO<\/strong><\/span><\/p>\n<p style=\"text-align: justify;\">Do egzaminu w terminie poprawkowym mo\u017ce przyst\u0105pi\u0107 absolwent, kt\u00f3ry <strong>nie zda egzaminu wy\u0142\u0105cznie z jednego przedmiotu obowi\u0105zkowego <\/strong>\u00a0pod warunkiem, \u017ce:<\/p>\n<ol style=\"text-align: justify;\">\n<li>przyst\u0105pi\u0142 do wszystkich egzamin\u00f3w z przedmiot\u00f3w obowi\u0105zkowych i \u017caden z tych egzamin\u00f3w nie zosta\u0142 mu uniewa\u017cniony <strong>ORAZ<\/strong><\/li>\n<li>przyst\u0105pi\u0142 do egzaminu z co najmniej jednego przedmiotu dodatkowego na poziomie rozszerzonym i egzamin ten nie zosta\u0142 mu uniewa\u017cniony.<\/li>\n<\/ol>\n<p style=\"text-align: justify;\">Uprawniony absolwent nie p\u00f3\u017aniej ni\u017c do <strong>14 sierpnia 2020r.<\/strong> sk\u0142ada Dyrektorowi szko\u0142y pisemne o\u015bwiadczenie o zamiarze przyst\u0105pienia do egzaminu maturalnego z danego przedmiotu w terminie poprawkowym (<strong>za\u0142\u0105cznik 7.<\/strong>), zgodnie z deklaracj\u0105 ostateczn\u0105. <strong>Za\u0142\u0105cznik 7.<\/strong> podpisany w postaci skanu nale\u017cy przes\u0142a\u0107 na adres <strong><u>zsce@zsce.pl<\/u><em><u><br \/>\n<\/u><\/em><\/strong><\/p>\n<p style=\"padding-left: 80px;\"><strong><a href=\"http:\/\/zsce.pl\/wp-content\/uploads\/2020\/08\/zal.7-dla-liceum.docx\"><img loading=\"lazy\" decoding=\"async\" class=\"wp-image-2554 alignnone\" src=\"http:\/\/zsce.pl\/wp-content\/uploads\/2020\/08\/Microsoft_Word_logo.png\" alt=\"\" width=\"25\" height=\"25\" \/><\/a><a href=\"http:\/\/zsce.pl\/wp-content\/uploads\/2020\/08\/zal.7-dla-liceum.docx\"> Za\u0142\u0105cznik 7 (absolwent liceum)<\/a><\/strong><br \/>\n<strong><a href=\"http:\/\/zsce.pl\/wp-content\/uploads\/2020\/08\/zal.7-dla-liceum.docx\"><img loading=\"lazy\" decoding=\"async\" class=\"wp-image-2554 alignnone\" src=\"http:\/\/zsce.pl\/wp-content\/uploads\/2020\/08\/Microsoft_Word_logo.png\" alt=\"\" width=\"25\" height=\"25\" \/><\/a> <a href=\"http:\/\/zsce.pl\/wp-content\/uploads\/2020\/08\/zal.7-dla-technikum.docx\">Za\u0142\u0105cznik 7 (absolwent technikum)<\/a><\/strong><\/p>\n<p style=\"text-align: justify;\">Informacj\u0119 o miejscu przeprowadzenia egzaminu maturalnego z danego przedmiotu w terminie poprawkowym dyrektor okr\u0119gowej komisji egzaminacyjnej og\u0142asza na stronie internetowej okr\u0119gowej komisji egzaminacyjnej nie p\u00f3\u017aniej ni\u017c do 28 sierpnia 2020 r.<\/p>\n<p style=\"text-align: justify;\">Cz\u0119\u015b\u0107 pisemna egzaminu maturalnego w terminie poprawkowym odb\u0119dzie si\u0119 <strong>8 wrze\u015bnia 2020 r. (wtorek) o godz. 14:00.<br \/>\n<\/strong><\/p>\n","protected":false},"excerpt":{"rendered":"<p>Odbi\u00f3r \u015bwiadectw maturalnych b\u0119dzie mo\u017cliwy w szkole po okazaniu dowodu osobistego lub przedstawieniu upowa\u017cnienia 12 sierpnia 2020 r. w godzinach 8:00 \u2013 15:00 W celu zachowania standard\u00f3w bezpiecze\u0144stwa osoby odbieraj\u0105ce \u015bwiadectwa zobowi\u0105zane s\u0105 do: zachowania bezpiecznej odleg\u0142o\u015bci spo\u0142ecznej, dezynfekcji r\u0105k, za\u0142o\u017cenia maseczki zakrywaj\u0105cej nos i usta, podpisania potwierdzenia odbioru \u015bwiadectwa w\u0142asnym d\u0142ugopisem. Od 11 sierpnia 2020 r. absolwenci mog\u0105 pozna\u0107&hellip;<\/p>\n","protected":false},"author":1,"featured_media":0,"comment_status":"closed","ping_status":"closed","sticky":false,"template":"","format":"standard","meta":{"footnotes":""},"categories":[3],"tags":[],"class_list":["post-2537","post","type-post","status-publish","format-standard","hentry","category-aktualnosci"],"_links":{"self":[{"href":"https:\/\/zsce.pl\/index.php?rest_route=\/wp\/v2\/posts\/2537","targetHints":{"allow":["GET"]}}],"collection":[{"href":"https:\/\/zsce.pl\/index.php?rest_route=\/wp\/v2\/posts"}],"about":[{"href":"https:\/\/zsce.pl\/index.php?rest_route=\/wp\/v2\/types\/post"}],"author":[{"embeddable":true,"href":"https:\/\/zsce.pl\/index.php?rest_route=\/wp\/v2\/users\/1"}],"replies":[{"embeddable":true,"href":"https:\/\/zsce.pl\/index.php?rest_route=%2Fwp%2Fv2%2Fcomments&post=2537"}],"version-history":[{"count":8,"href":"https:\/\/zsce.pl\/index.php?rest_route=\/wp\/v2\/posts\/2537\/revisions"}],"predecessor-version":[{"id":2557,"href":"https:\/\/zsce.pl\/index.php?rest_route=\/wp\/v2\/posts\/2537\/revisions\/2557"}],"wp:attachment":[{"href":"https:\/\/zsce.pl\/index.php?rest_route=%2Fwp%2Fv2%2Fmedia&parent=2537"}],"wp:term":[{"taxonomy":"category","embeddable":true,"href":"https:\/\/zsce.pl\/index.php?rest_route=%2Fwp%2Fv2%2Fcategories&post=2537"},{"taxonomy":"post_tag","embeddable":true,"href":"https:\/\/zsce.pl\/index.php?rest_route=%2Fwp%2Fv2%2Ftags&post=2537"}],"curies":[{"name":"wp","href":"https:\/\/api.w.org\/{rel}","templated":true}]}}