{"id":2458,"date":"2020-06-19T14:53:06","date_gmt":"2020-06-19T13:53:06","guid":{"rendered":"http:\/\/zsce.pl\/?p=2458"},"modified":"2020-06-22T10:16:12","modified_gmt":"2020-06-22T09:16:12","slug":"organizacja-zakonczenia-roku-szkolnego-2019-2020","status":"publish","type":"post","link":"https:\/\/zsce.pl\/?p=2458","title":{"rendered":"Organizacja zako\u0144czenia roku szkolnego 2019\/2020"},"content":{"rendered":"<p style=\"text-align: justify;\"><span style=\"font-size: 12pt;\"><strong>Wr\u0119czenie \u015bwiadectw promocyjnych<\/strong> przez wychowawc\u00f3w klas <strong>ch\u0119tnym uczniom<\/strong> Zespo\u0142u Szk\u00f3\u0142 Centrum Edukacji im. Ignacego \u0141ukasiewicza odb\u0119dzie si\u0119 <strong>26 czerwca 2020 r.<\/strong> zgodnie z poni\u017cszym harmonogramem.<\/span><\/p>\n<p style=\"text-align: center;\"><span style=\"font-size: 14pt;\"><strong>godz. 8:00 &#8211; 9:30<\/strong><\/span><\/p>\n<p><img loading=\"lazy\" decoding=\"async\" class=\"aligncenter size-full wp-image-2466\" src=\"http:\/\/zsce.pl\/wp-content\/uploads\/2020\/06\/transza_A-1.jpg\" alt=\"\" width=\"800\" height=\"91\" srcset=\"https:\/\/zsce.pl\/wp-content\/uploads\/2020\/06\/transza_A-1.jpg 800w, https:\/\/zsce.pl\/wp-content\/uploads\/2020\/06\/transza_A-1-660x75.jpg 660w, https:\/\/zsce.pl\/wp-content\/uploads\/2020\/06\/transza_A-1-768x87.jpg 768w\" sizes=\"auto, (max-width: 800px) 100vw, 800px\" \/><\/p>\n<p style=\"text-align: center;\"><span style=\"font-size: 14pt;\"><strong>godz. 10:00 &#8211; 11:30<\/strong><\/span><\/p>\n<p><img loading=\"lazy\" decoding=\"async\" class=\"aligncenter size-full wp-image-2467\" src=\"http:\/\/zsce.pl\/wp-content\/uploads\/2020\/06\/transza_B-1.jpg\" alt=\"\" width=\"800\" height=\"92\" srcset=\"https:\/\/zsce.pl\/wp-content\/uploads\/2020\/06\/transza_B-1.jpg 800w, https:\/\/zsce.pl\/wp-content\/uploads\/2020\/06\/transza_B-1-660x76.jpg 660w, https:\/\/zsce.pl\/wp-content\/uploads\/2020\/06\/transza_B-1-768x88.jpg 768w\" sizes=\"auto, (max-width: 800px) 100vw, 800px\" \/><\/p>\n<p style=\"text-align: center;\"><span style=\"font-size: 14pt;\"><strong>godz. 12:00 &#8211; 13:30<\/strong><\/span><\/p>\n<p><img loading=\"lazy\" decoding=\"async\" class=\"aligncenter size-full wp-image-2468\" src=\"http:\/\/zsce.pl\/wp-content\/uploads\/2020\/06\/transza_C-1.jpg\" alt=\"\" width=\"800\" height=\"93\" srcset=\"https:\/\/zsce.pl\/wp-content\/uploads\/2020\/06\/transza_C-1.jpg 800w, https:\/\/zsce.pl\/wp-content\/uploads\/2020\/06\/transza_C-1-660x77.jpg 660w, https:\/\/zsce.pl\/wp-content\/uploads\/2020\/06\/transza_C-1-768x89.jpg 768w\" sizes=\"auto, (max-width: 800px) 100vw, 800px\" \/><\/p>\n<p>&nbsp;<\/p>\n<p style=\"text-align: center;\"><span style=\"font-size: 12pt;\"><strong>M\u0142odzie\u017c na spotkanie z wychowawc\u0105 klasy przychodzi w nast\u0119puj\u0105cych transzach:<\/strong><\/span><\/p>\n<p style=\"text-align: left; padding-left: 200px;\"><span style=\"font-size: 12pt;\">&#8211; uczniowie o numerze w dzienniku od 1. do 12. \u2013 o pe\u0142nej godzinie;<\/span><br \/>\n<span style=\"font-size: 12pt;\">&#8211; uczniowie o numerze w dzienniku od 13. do 24. \u2013 20 min. po pe\u0142nej godzinie;<\/span><br \/>\n<span style=\"font-size: 12pt;\">&#8211; uczniowie o numerze w dzienniku od 25. i wy\u017cej \u2013 40 min. po pe\u0142nej godzinie.<\/span><\/p>\n<p>&nbsp;<\/p>\n<p style=\"text-align: center;\"><span style=\"font-size: 14pt; color: #ff0000;\"><strong>Do budynku szko\u0142y wchodzimy wej\u015bciami przypisanymi do ka\u017cdej klasy.<\/strong><\/span><\/p>\n<p style=\"text-align: center;\"><img loading=\"lazy\" decoding=\"async\" class=\"aligncenter wp-image-2479\" src=\"http:\/\/zsce.pl\/wp-content\/uploads\/2020\/06\/Werjscie__SG-scaled.jpg\" alt=\"\" width=\"800\" height=\"714\" srcset=\"https:\/\/zsce.pl\/wp-content\/uploads\/2020\/06\/Werjscie__SG-scaled.jpg 2560w, https:\/\/zsce.pl\/wp-content\/uploads\/2020\/06\/Werjscie__SG-409x365.jpg 409w, https:\/\/zsce.pl\/wp-content\/uploads\/2020\/06\/Werjscie__SG-840x750.jpg 840w, https:\/\/zsce.pl\/wp-content\/uploads\/2020\/06\/Werjscie__SG-768x686.jpg 768w, https:\/\/zsce.pl\/wp-content\/uploads\/2020\/06\/Werjscie__SG-1536x1371.jpg 1536w, https:\/\/zsce.pl\/wp-content\/uploads\/2020\/06\/Werjscie__SG-2048x1828.jpg 2048w\" sizes=\"auto, (max-width: 800px) 100vw, 800px\" \/><\/p>\n<p>&nbsp;<\/p>\n<p style=\"text-align: center;\"><img loading=\"lazy\" decoding=\"async\" class=\"aligncenter size-full wp-image-2480\" src=\"http:\/\/zsce.pl\/wp-content\/uploads\/2020\/06\/info_odbior.jpg\" alt=\"\" width=\"800\" height=\"108\" srcset=\"https:\/\/zsce.pl\/wp-content\/uploads\/2020\/06\/info_odbior.jpg 800w, https:\/\/zsce.pl\/wp-content\/uploads\/2020\/06\/info_odbior-660x89.jpg 660w, https:\/\/zsce.pl\/wp-content\/uploads\/2020\/06\/info_odbior-768x104.jpg 768w\" sizes=\"auto, (max-width: 800px) 100vw, 800px\" \/><\/p>\n","protected":false},"excerpt":{"rendered":"<p>Wr\u0119czenie \u015bwiadectw promocyjnych przez wychowawc\u00f3w klas ch\u0119tnym uczniom Zespo\u0142u Szk\u00f3\u0142 Centrum Edukacji im. Ignacego \u0141ukasiewicza odb\u0119dzie si\u0119 26 czerwca 2020 r. zgodnie z poni\u017cszym harmonogramem. godz. 8:00 &#8211; 9:30 godz. 10:00 &#8211; 11:30 godz. 12:00 &#8211; 13:30 &nbsp; M\u0142odzie\u017c na spotkanie z wychowawc\u0105 klasy przychodzi w nast\u0119puj\u0105cych transzach: &#8211; uczniowie o numerze w dzienniku od 1. do 12. \u2013 o&hellip;<\/p>\n","protected":false},"author":1,"featured_media":0,"comment_status":"closed","ping_status":"closed","sticky":false,"template":"","format":"standard","meta":{"footnotes":""},"categories":[3],"tags":[],"class_list":["post-2458","post","type-post","status-publish","format-standard","hentry","category-aktualnosci"],"_links":{"self":[{"href":"https:\/\/zsce.pl\/index.php?rest_route=\/wp\/v2\/posts\/2458","targetHints":{"allow":["GET"]}}],"collection":[{"href":"https:\/\/zsce.pl\/index.php?rest_route=\/wp\/v2\/posts"}],"about":[{"href":"https:\/\/zsce.pl\/index.php?rest_route=\/wp\/v2\/types\/post"}],"author":[{"embeddable":true,"href":"https:\/\/zsce.pl\/index.php?rest_route=\/wp\/v2\/users\/1"}],"replies":[{"embeddable":true,"href":"https:\/\/zsce.pl\/index.php?rest_route=%2Fwp%2Fv2%2Fcomments&post=2458"}],"version-history":[{"count":16,"href":"https:\/\/zsce.pl\/index.php?rest_route=\/wp\/v2\/posts\/2458\/revisions"}],"predecessor-version":[{"id":2483,"href":"https:\/\/zsce.pl\/index.php?rest_route=\/wp\/v2\/posts\/2458\/revisions\/2483"}],"wp:attachment":[{"href":"https:\/\/zsce.pl\/index.php?rest_route=%2Fwp%2Fv2%2Fmedia&parent=2458"}],"wp:term":[{"taxonomy":"category","embeddable":true,"href":"https:\/\/zsce.pl\/index.php?rest_route=%2Fwp%2Fv2%2Fcategories&post=2458"},{"taxonomy":"post_tag","embeddable":true,"href":"https:\/\/zsce.pl\/index.php?rest_route=%2Fwp%2Fv2%2Ftags&post=2458"}],"curies":[{"name":"wp","href":"https:\/\/api.w.org\/{rel}","templated":true}]}}