{"id":2104,"date":"2020-03-12T14:21:31","date_gmt":"2020-03-12T13:21:31","guid":{"rendered":"http:\/\/zsce.pl\/?p=2104"},"modified":"2020-03-12T14:31:17","modified_gmt":"2020-03-12T13:31:17","slug":"zawieszenie-zajec-dydaktyczno-wychowawczych-w-przedszkolach-szkolach-i-placowkach-oswiatowych-informacja-mazowieckiego-kuratora-oswiaty","status":"publish","type":"post","link":"https:\/\/zsce.pl\/?p=2104","title":{"rendered":"Zawieszenie zaj\u0119\u0107 dydaktyczno-wychowawczych w przedszkolach, szko\u0142ach i plac\u00f3wkach o\u015bwiatowych &#8211; informacja Mazowieckiego Kuratora O\u015bwiaty"},"content":{"rendered":"<p><img loading=\"lazy\" decoding=\"async\" class=\"alignnone wp-image-2092\" src=\"http:\/\/zsce.pl\/wp-content\/uploads\/2020\/03\/logo-mko-536x365.jpg\" alt=\"\" width=\"200\" height=\"136\" srcset=\"https:\/\/zsce.pl\/wp-content\/uploads\/2020\/03\/logo-mko-536x365.jpg 536w, https:\/\/zsce.pl\/wp-content\/uploads\/2020\/03\/logo-mko.jpg 567w\" sizes=\"auto, (max-width: 200px) 100vw, 200px\" \/><\/p>\n<p>&nbsp;<\/p>\n<p style=\"text-align: justify;\"><strong><br \/>\nOd 12 do 25 marca br. funkcjonowanie jednostek systemu o\u015bwiaty zostaje czasowo ograniczone. Oznacza to, \u017ce w tym okresie przedszkola, szko\u0142y i plac\u00f3wki o\u015bwiatowe zar\u00f3wno publiczne, jak i niepubliczne nie b\u0119d\u0105 prowadzi\u0142y zaj\u0119\u0107 dydaktyczno-wychowawczych. To decyzja Ministra Edukacji Narodowej wynikaj\u0105ca z konieczno\u015bci zapobiegania rozprzestrzenianiu si\u0119 koronawirusa.<\/strong><\/p>\n<p style=\"text-align: justify;\">Lekarze, specjali\u015bci, eksperci WHO wskazuj\u0105, \u017ce wprowadzenie odpowiednich i odpowiedzialnych dzia\u0142a\u0144 mo\u017ce ograniczy\u0107 rozprzestrzenianie si\u0119 wirusa. Obecna sytuacja epidemiologiczna w Polsce mo\u017ce zagrozi\u0107 zdrowiu obywateli. Dlatego na podstawie tzw. specustawy Minister Edukacji Narodowej przygotowa\u0142 rozporz\u0105dzenie, kt\u00f3re czasowo ogranicza funkcjonowanie jednostek systemu o\u015bwiaty na obszarze ca\u0142ej Polski.<\/p>\n<p style=\"text-align: justify;\"><strong>Zawieszenie zaj\u0119\u0107 dydaktyczno-wychowawczych<\/strong><\/p>\n<p style=\"text-align: justify;\">Zawieszenie zaj\u0119\u0107 dotyczy przedszkoli, szk\u00f3\u0142 i plac\u00f3wek o\u015bwiatowych (publicznych i\u00a0niepublicznych), z wyj\u0105tkiem:<\/p>\n<ul style=\"text-align: justify;\">\n<li>poradni psychologiczno-pedagogicznych;<\/li>\n<li>specjalnych o\u015brodk\u00f3w szkolno-wychowawczych;<\/li>\n<li>m\u0142odzie\u017cowych o\u015brodk\u00f3w wychowawczych, m\u0142odzie\u017cowych o\u015brodk\u00f3w socjoterapii, specjalnych o\u015brodk\u00f3w wychowawczych, o\u015brodk\u00f3w rewalidacyjno-wychowawczych;<\/li>\n<li>przedszkoli i szk\u00f3\u0142 w podmiotach leczniczych i jednostkach pomocy spo\u0142ecznej;<\/li>\n<li>szk\u00f3\u0142 w zak\u0142adach poprawczych i schroniskach dla nieletnich;<\/li>\n<li>szk\u00f3\u0142 przy zak\u0142adach karnych i aresztach \u015bledczych.<\/li>\n<\/ul>\n<p style=\"text-align: justify;\">W przypadku specjalnych o\u015brodk\u00f3w szkolno-wychowawczych, o\u015brodk\u00f3w rewalidacyjno-wychowawczych, poradni psychologiczno-pedagogicznych o udziale w zaj\u0119ciach dziecka decyduje rodzic. To nie obowi\u0105zek lecz prawo. Rodzic, kt\u00f3rego dziecko do 8. roku \u017cycia nie bierze udzia\u0142u w zaj\u0119ciach ma prawo do zasi\u0142ku opieku\u0144czego.<\/p>\n<p style=\"text-align: justify;\"><span style=\"font-size: 14pt; color: #ff0000;\"><strong><br \/>\nRodzicu,<\/strong><\/span><\/p>\n<ul style=\"text-align: justify;\">\n<li>ze wzgl\u0119du na bezpiecze\u0144stwo zdrowotne Twoje i Twojego dziecka, zaj\u0119cia zostan\u0105 zawieszone od 12 marca br. W przedszkolach i szko\u0142ach podstawowych 12 i 13 marca br. b\u0119d\u0105 jeszcze prowadzone dzia\u0142ania opieku\u0144cze;<\/li>\n<li>zach\u0119caj dziecko do samodzielnej nauki w czasie gdy nie b\u0119dzie lekcji w szkole. Ministerstwo Edukacji Narodowej na platformie epodr\u0119czniki.pl. udost\u0119pnia szereg materia\u0142\u00f3w edukacyjnych, kt\u00f3re pozwalaj\u0105 uzupe\u0142ni\u0107, ugruntowa\u0107 i poszerzy\u0107 wiedz\u0119. Dost\u0119p do tych zasob\u00f3w jest bezp\u0142atny;<\/li>\n<li>je\u015bli masz dziecko w wieku do 8 lat, przys\u0142uguje Ci zasi\u0142ek opieku\u0144czy do 14 dni. Szczeg\u00f3\u0142owe informacje znajdziesz na\u00a0<a href=\"https:\/\/www.zus.pl\/o-zus\/aktualnosci\/-\/publisher\/aktualnosc\/1\/koronawirus-dodatkowe-linie-tematyczne-w-centrum-obslugi-telefonicznej-zus\/3200691\">stronie internetowej ZUS<\/a>;<\/li>\n<li>przeka\u017c osobom, kt\u00f3re b\u0119d\u0105 opiekowa\u0107 si\u0119 Twoim dzieckiem, podstawowe informacje dotycz\u0105ce bezpiecze\u0144stwa i higieny;<\/li>\n<li>rygorystycznie przestrzegaj w domu zasad higieny i czysto\u015bci pomieszcze\u0144, w kt\u00f3rych przebywasz;<\/li>\n<li>\u015bled\u017a na bie\u017c\u0105co komunikaty GIS, MZ i MEN o sytuacji epidemiologicznej w kraju oraz informacje przesy\u0142ane przez dyrektora szko\u0142y.<\/li>\n<\/ul>\n<p style=\"text-align: justify;\"><span style=\"font-size: 14pt; color: #ff0000;\"><strong><br \/>\nUczniu,<\/strong><\/span><\/p>\n<ul style=\"text-align: justify;\">\n<li>pami\u0119taj o swoim bezpiecze\u0144stwie w domu. Unikaj miejsc, gdzie s\u0105 du\u017ce skupiska ludzi (np. komunikacja publiczna, kino, teatr, centra handlowe);<\/li>\n<li>przerwa w funkcjonowaniu Twojej szko\u0142y nie powinna oznacza\u0107 dni wolnych od nauki;<\/li>\n<li>odpowiedzialnie wykorzystaj czas zawieszenia zaj\u0119\u0107 w Twojej szkole. Przeczytaj ulubion\u0105 ksi\u0105\u017ck\u0119, spr\u00f3buj uzupe\u0142ni\u0107 swoje wiadomo\u015bci lub rozwijaj kompetencje. Skorzystaj przy tym z darmowej platformy epodreczniki.pl i materia\u0142\u00f3w rekomendowanych przez Twojego nauczyciela;<\/li>\n<li>przestrzegaj w domu zasad higieny i czysto\u015bci pomieszcze\u0144, w kt\u00f3rych przebywasz.<\/li>\n<\/ul>\n<p style=\"text-align: justify;\"><span style=\"font-size: 14pt; color: #ff0000;\"><strong><br \/>\nPlatforma <\/strong><a style=\"color: #ff0000;\" href=\"https:\/\/epodreczniki.pl\/\"><strong>epodreczniki.pl<\/strong><\/a> <strong>i materia\u0142y do samodzielnej nauki<\/strong><\/span><\/p>\n<p style=\"text-align: justify;\">Zach\u0119camy nauczycieli, aby w najbli\u017cszym czasie wspierali uczni\u00f3w w nauce i przekazywali materia\u0142y do samodzielnej pracy w domu. Szczeg\u00f3lnie prosimy o obj\u0119cie opiek\u0105 uczni\u00f3w, kt\u00f3rzy przygotowuj\u0105 si\u0119 do tegorocznego egzaminu \u00f3smoklasisty, maturalnego oraz zawodowego i\u00a0udost\u0119pnienie im niezb\u0119dnych materia\u0142\u00f3w.<\/p>\n<p style=\"text-align: justify;\">Rekomendujemy wykorzystanie w tym celu nast\u0119puj\u0105cych rozwi\u0105za\u0144:<\/p>\n<ul style=\"text-align: justify;\">\n<li>dziennik elektroniczny;<\/li>\n<li>strona internetowa szko\u0142y, przedszkola, plac\u00f3wki o\u015bwiatowej;<\/li>\n<li>mailing do rodzic\u00f3w, a w przypadku uczni\u00f3w starszych wysy\u0142anie materia\u0142\u00f3w bezpo\u015brednio do m\u0142odzie\u017cy.<\/li>\n<\/ul>\n<p style=\"text-align: justify;\">Na platformie Ministerstwa Edukacji Narodowej <a href=\"https:\/\/epodreczniki.pl\/\"><strong>epodreczniki.pl<\/strong> <\/a>udost\u0119pnili\u015bmy e-materia\u0142y do wykorzystania przez nauczycieli lub do samodzielnej nauki przez uczni\u00f3w. Epodr\u0119czniki.pl to biblioteka bezp\u0142atnych, sprawdzonych, zgodnych z aktualn\u0105 podstaw\u0105 programow\u0105 materia\u0142\u00f3w edukacyjnych.<\/p>\n<p style=\"text-align: justify;\"><strong><br \/>\n<span style=\"font-size: 14pt; color: #ff0000;\">Jak si\u0119 zabezpieczy\u0107 przed koronawirusem?<\/span><\/strong><\/p>\n<ul style=\"text-align: justify;\">\n<li>Cz\u0119sto myj r\u0119ce przy u\u017cyciu myd\u0142a i wody.<\/li>\n<li>Przy kas\u0142aniu i kichaniu zakrywaj usta i nos. Zachowaj co najmniej metr odleg\u0142o\u015bci od os\u00f3b, kt\u00f3re kaszl\u0105 i kichaj\u0105.<\/li>\n<\/ul>\n<p style=\"text-align: justify;\">Osoby wracaj\u0105ce z region\u00f3w zara\u017conych koronawirusem powinny powiadomi\u0107 o tym telefonicznie stacj\u0119 sanitarno-epidemiologiczn\u0105 lub zg\u0142osi\u0107 si\u0119 do oddzia\u0142u obserwacyjno-zaka\u017anego. Wi\u0119cej informacji dotycz\u0105cych koronawirusa na stronie:<strong>\u00a0<\/strong><a href=\"https:\/\/www.gov.pl\/web\/koronawirus\"><strong>gov.pl\/koronawirus<\/strong><\/a><\/p>\n<p style=\"text-align: justify;\">Podejrzewasz u siebie koronawirusa?\u00a0<strong>Zadzwo\u0144 pod numer 800 190 590!<\/strong><\/p>\n<p style=\"text-align: justify;\">Bezp\u0142atna infolinia NFZ jest czynna ca\u0142\u0105 dob\u0119, przez 7 dni w tygodniu. Wykwalifikowani konsultanci poinformuj\u0105 Ci\u0119, co zrobi\u0107, by otrzyma\u0107 pomoc.<\/p>\n<p style=\"text-align: justify;\">Podstawa prawna<\/p>\n<p style=\"text-align: justify;\">Rozporz\u0105dzenie Ministra Edukacji Narodowej z dnia 11 marca 2020 r. w sprawie czasowego ograniczenia funkcjonowania jednostek systemu o\u015bwiaty w zwi\u0105zku z zapobieganiem, przeciwdzia\u0142aniem i zwalczaniem COVID-19<strong>\u00a0<\/strong><a href=\"http:\/\/dziennikustaw.gov.pl\/DU\/2020\/410\"><strong>http:\/\/dziennikustaw.gov.pl\/DU\/2020\/410<\/strong><\/a><\/p>\n<p>&nbsp;<\/p>\n","protected":false},"excerpt":{"rendered":"<p>&nbsp; Od 12 do 25 marca br. funkcjonowanie jednostek systemu o\u015bwiaty zostaje czasowo ograniczone. Oznacza to, \u017ce w tym okresie przedszkola, szko\u0142y i plac\u00f3wki o\u015bwiatowe zar\u00f3wno publiczne, jak i niepubliczne nie b\u0119d\u0105 prowadzi\u0142y zaj\u0119\u0107 dydaktyczno-wychowawczych. To decyzja Ministra Edukacji Narodowej wynikaj\u0105ca z konieczno\u015bci zapobiegania rozprzestrzenianiu si\u0119 koronawirusa. Lekarze, specjali\u015bci, eksperci WHO wskazuj\u0105, \u017ce wprowadzenie odpowiednich i odpowiedzialnych dzia\u0142a\u0144 mo\u017ce ograniczy\u0107&hellip;<\/p>\n","protected":false},"author":1,"featured_media":0,"comment_status":"closed","ping_status":"closed","sticky":false,"template":"","format":"standard","meta":{"footnotes":""},"categories":[3],"tags":[],"class_list":["post-2104","post","type-post","status-publish","format-standard","hentry","category-aktualnosci"],"_links":{"self":[{"href":"https:\/\/zsce.pl\/index.php?rest_route=\/wp\/v2\/posts\/2104","targetHints":{"allow":["GET"]}}],"collection":[{"href":"https:\/\/zsce.pl\/index.php?rest_route=\/wp\/v2\/posts"}],"about":[{"href":"https:\/\/zsce.pl\/index.php?rest_route=\/wp\/v2\/types\/post"}],"author":[{"embeddable":true,"href":"https:\/\/zsce.pl\/index.php?rest_route=\/wp\/v2\/users\/1"}],"replies":[{"embeddable":true,"href":"https:\/\/zsce.pl\/index.php?rest_route=%2Fwp%2Fv2%2Fcomments&post=2104"}],"version-history":[{"count":6,"href":"https:\/\/zsce.pl\/index.php?rest_route=\/wp\/v2\/posts\/2104\/revisions"}],"predecessor-version":[{"id":2110,"href":"https:\/\/zsce.pl\/index.php?rest_route=\/wp\/v2\/posts\/2104\/revisions\/2110"}],"wp:attachment":[{"href":"https:\/\/zsce.pl\/index.php?rest_route=%2Fwp%2Fv2%2Fmedia&parent=2104"}],"wp:term":[{"taxonomy":"category","embeddable":true,"href":"https:\/\/zsce.pl\/index.php?rest_route=%2Fwp%2Fv2%2Fcategories&post=2104"},{"taxonomy":"post_tag","embeddable":true,"href":"https:\/\/zsce.pl\/index.php?rest_route=%2Fwp%2Fv2%2Ftags&post=2104"}],"curies":[{"name":"wp","href":"https:\/\/api.w.org\/{rel}","templated":true}]}}