{"id":1786,"date":"2019-09-10T16:32:09","date_gmt":"2019-09-10T15:32:09","guid":{"rendered":"http:\/\/zsce.pl\/?p=1786"},"modified":"2019-09-10T16:34:16","modified_gmt":"2019-09-10T15:34:16","slug":"zebranie-dyrekcji-szkoly-i-wychowawcow-z-rodzicami-uczniow-klas-maturalnych","status":"publish","type":"post","link":"https:\/\/zsce.pl\/?p=1786","title":{"rendered":"Zebranie Dyrekcji Szko\u0142y i wychowawc\u00f3w z rodzicami uczni\u00f3w klas maturalnych"},"content":{"rendered":"<p style=\"text-align: justify;\"><strong>24 wrze\u015bnia 2019 r. (wtorek) o godz. 16.00<\/strong> w Auli odb\u0119dzie si\u0119 spotkanie Dyrekcji Szko\u0142y z rodzicami uczni\u00f3w klas maturalnych V Liceum Og\u00f3lnokszta\u0142c\u0105cego i Technikum.<\/p>\n<p style=\"text-align: justify;\">Po zako\u0144czeniu spotkania w Auli odb\u0119d\u0105 si\u0119 zebrania z wychowawcami klas.<\/p>\n<div align=\"center\">\n<table cellpadding=\"0\">\n<tbody>\n<tr>\n<td align=\"center\" bgcolor=\"#8C0000\" width=\"86\" height=\"30\"><span style=\"color: #ffffff;\"><strong> Klasa<\/strong><\/span><\/td>\n<td align=\"center\" bgcolor=\"#8C0000\" width=\"300\" height=\"30\"><span style=\"color: #ffffff;\"><strong>Nazwisko i imi\u0119 wychowawcy<\/strong><\/span><\/td>\n<td align=\"center\" bgcolor=\"#8C0000\" width=\"107\" height=\"30\"><span style=\"color: #ffffff;\"><strong>Sala <\/strong><\/span><\/td>\n<\/tr>\n<tr>\n<td align=\"center\" bgcolor=\"#E9E9E9\" width=\"86\" height=\"30\"><span style=\"color: #000000;\">3 A<\/span><\/td>\n<td align=\"center\" bgcolor=\"#E9E9E9\" width=\"300\" height=\"30\"><span style=\"color: #000000;\">P\u0119draszewska-Knie\u0107 Dagmara<\/span><\/td>\n<td align=\"center\" bgcolor=\"#E9E9E9\" width=\"107\" height=\"30\"><span style=\"color: #000000;\">60<\/span><\/td>\n<\/tr>\n<tr>\n<td align=\"center\" bgcolor=\"#CCCCCC\" width=\"86\" height=\"30\"><span style=\"color: #000000;\">3 B<\/span><\/td>\n<td align=\"center\" bgcolor=\"#CCCCCC\" width=\"300\" height=\"30\"><span style=\"color: #000000;\">Jarz\u0105bek-Ko\u015bciuk Ma\u0142gorzata<\/span><\/td>\n<td align=\"center\" bgcolor=\"#CCCCCC\" width=\"107\" height=\"30\"><span style=\"color: #000000;\">19B<\/span><\/td>\n<\/tr>\n<tr>\n<td align=\"center\" bgcolor=\"#E9E9E9\" width=\"86\" height=\"30\"><span style=\"color: #000000;\">3 C<\/span><\/td>\n<td align=\"center\" bgcolor=\"#E9E9E9\" width=\"300\" height=\"30\"><span style=\"color: #000000;\">Kobyli\u0144ska Agata<\/span><\/td>\n<td align=\"center\" bgcolor=\"#E9E9E9\" width=\"107\" height=\"30\"><span style=\"color: #000000;\">61<\/span><\/td>\n<\/tr>\n<tr>\n<td align=\"center\" bgcolor=\"#CCCCCC\" width=\"86\" height=\"30\"><span style=\"color: #000000;\">3 D<\/span><\/td>\n<td align=\"center\" bgcolor=\"#CCCCCC\" width=\"300\" height=\"30\"><span style=\"color: #000000;\">Wi\u0119cek Konrad<\/span><\/td>\n<td align=\"center\" bgcolor=\"#CCCCCC\" width=\"107\" height=\"30\"><span style=\"color: #000000;\">62<\/span><\/td>\n<\/tr>\n<tr>\n<td align=\"center\" bgcolor=\"#E9E9E9\" width=\"86\" height=\"30\"><span style=\"color: #000000;\">3 E<\/span><\/td>\n<td align=\"center\" bgcolor=\"#E9E9E9\" width=\"300\" height=\"30\"><span style=\"color: #000000;\">Wiktorowska Magdalena<\/span><\/td>\n<td align=\"center\" bgcolor=\"#E9E9E9\" width=\"107\" height=\"30\"><span style=\"color: #000000;\">67<\/span><\/td>\n<\/tr>\n<tr>\n<td align=\"center\" bgcolor=\"#CCCCCC\" width=\"86\" height=\"30\"><span style=\"color: #000000;\">3 F<\/span><\/td>\n<td align=\"center\" bgcolor=\"#CCCCCC\" width=\"300\" height=\"30\"><span style=\"color: #000000;\">Kluska Emilia<\/span><\/td>\n<td align=\"center\" bgcolor=\"#CCCCCC\" width=\"107\" height=\"30\"><span style=\"color: #000000;\">59<\/span><\/td>\n<\/tr>\n<tr>\n<td align=\"center\" bgcolor=\"#E9E9E9\" width=\"86\" height=\"30\"><span style=\"color: #000000;\">3 G<\/span><\/td>\n<td align=\"center\" bgcolor=\"#E9E9E9\" width=\"300\" height=\"30\"><span style=\"color: #000000;\">Zawadzka Gabriela<\/span><\/td>\n<td align=\"center\" bgcolor=\"#E9E9E9\" width=\"107\" height=\"30\"><span style=\"color: #000000;\">55<\/span><\/td>\n<\/tr>\n<tr>\n<td align=\"center\" bgcolor=\"#CCCCCC\" width=\"86\" height=\"30\"><span style=\"color: #000000;\">3 H<\/span><\/td>\n<td align=\"center\" bgcolor=\"#CCCCCC\" width=\"300\" height=\"30\"><span style=\"color: #000000;\">Murawska Joanna<\/span><\/td>\n<td align=\"center\" bgcolor=\"#CCCCCC\" width=\"107\" height=\"30\"><span style=\"color: #000000;\">29<\/span><\/td>\n<\/tr>\n<tr>\n<td align=\"center\" bgcolor=\"#E9E9E9\" width=\"86\" height=\"30\"><span style=\"color: #000000;\">4 Ta<\/span><\/td>\n<td align=\"center\" bgcolor=\"#E9E9E9\" width=\"300\" height=\"30\"><span style=\"color: #000000;\">Fabiszewska Ma\u0142gorzata<\/span><\/td>\n<td align=\"center\" bgcolor=\"#E9E9E9\" width=\"107\" height=\"30\"><span style=\"color: #000000;\">70<\/span><\/td>\n<\/tr>\n<tr>\n<td align=\"center\" bgcolor=\"#CCCCCC\" width=\"86\" height=\"30\"><span style=\"color: #000000;\">4 Tb<\/span><\/td>\n<td align=\"center\" bgcolor=\"#CCCCCC\" width=\"300\" height=\"30\"><span style=\"color: #000000;\">Ch\u0119cka Monika<\/span><\/td>\n<td align=\"center\" bgcolor=\"#CCCCCC\" width=\"107\" height=\"30\"><span style=\"color: #000000;\">54<\/span><\/td>\n<\/tr>\n<\/tbody>\n<\/table>\n<\/div>\n","protected":false},"excerpt":{"rendered":"<p>24 wrze\u015bnia 2019 r. (wtorek) o godz. 16.00 w Auli odb\u0119dzie si\u0119 spotkanie Dyrekcji Szko\u0142y z rodzicami uczni\u00f3w klas maturalnych V Liceum Og\u00f3lnokszta\u0142c\u0105cego i Technikum. Po zako\u0144czeniu spotkania w Auli odb\u0119d\u0105 si\u0119 zebrania z wychowawcami klas. Klasa Nazwisko i imi\u0119 wychowawcy Sala 3 A P\u0119draszewska-Knie\u0107 Dagmara 60 3 B Jarz\u0105bek-Ko\u015bciuk Ma\u0142gorzata 19B 3 C Kobyli\u0144ska Agata 61 3 D Wi\u0119cek&hellip;<\/p>\n","protected":false},"author":1,"featured_media":0,"comment_status":"closed","ping_status":"closed","sticky":false,"template":"","format":"standard","meta":{"footnotes":""},"categories":[3],"tags":[],"class_list":["post-1786","post","type-post","status-publish","format-standard","hentry","category-aktualnosci"],"_links":{"self":[{"href":"https:\/\/zsce.pl\/index.php?rest_route=\/wp\/v2\/posts\/1786","targetHints":{"allow":["GET"]}}],"collection":[{"href":"https:\/\/zsce.pl\/index.php?rest_route=\/wp\/v2\/posts"}],"about":[{"href":"https:\/\/zsce.pl\/index.php?rest_route=\/wp\/v2\/types\/post"}],"author":[{"embeddable":true,"href":"https:\/\/zsce.pl\/index.php?rest_route=\/wp\/v2\/users\/1"}],"replies":[{"embeddable":true,"href":"https:\/\/zsce.pl\/index.php?rest_route=%2Fwp%2Fv2%2Fcomments&post=1786"}],"version-history":[{"count":4,"href":"https:\/\/zsce.pl\/index.php?rest_route=\/wp\/v2\/posts\/1786\/revisions"}],"predecessor-version":[{"id":1790,"href":"https:\/\/zsce.pl\/index.php?rest_route=\/wp\/v2\/posts\/1786\/revisions\/1790"}],"wp:attachment":[{"href":"https:\/\/zsce.pl\/index.php?rest_route=%2Fwp%2Fv2%2Fmedia&parent=1786"}],"wp:term":[{"taxonomy":"category","embeddable":true,"href":"https:\/\/zsce.pl\/index.php?rest_route=%2Fwp%2Fv2%2Fcategories&post=1786"},{"taxonomy":"post_tag","embeddable":true,"href":"https:\/\/zsce.pl\/index.php?rest_route=%2Fwp%2Fv2%2Ftags&post=1786"}],"curies":[{"name":"wp","href":"https:\/\/api.w.org\/{rel}","templated":true}]}}