{"id":1782,"date":"2019-09-10T16:25:03","date_gmt":"2019-09-10T15:25:03","guid":{"rendered":"http:\/\/zsce.pl\/?p=1782"},"modified":"2019-09-10T16:26:11","modified_gmt":"2019-09-10T15:26:11","slug":"zebranie-dyrekcji-szkoly-i-wychowawcow-z-rodzicami-uczniow-klas-pierwszych","status":"publish","type":"post","link":"https:\/\/zsce.pl\/?p=1782","title":{"rendered":"Zebranie Dyrekcji Szko\u0142y i wychowawc\u00f3w z rodzicami uczni\u00f3w klas pierwszych"},"content":{"rendered":"<p style=\"text-align: justify;\"><strong>18 wrze\u015bnia 2019 r. (\u015broda) o godz. 16.00<\/strong> w Auli odb\u0119dzie si\u0119 spotkanie Dyrekcji Szko\u0142y z rodzicami uczni\u00f3w klas pierwszych V Liceum Og\u00f3lnokszta\u0142c\u0105cego i Technikum.<\/p>\n<p style=\"text-align: justify;\">Po zako\u0144czeniu spotkania w Auli odb\u0119d\u0105 si\u0119 zebrania z wychowawcami klas.<\/p>\n<div align=\"center\">\n<table cellpadding=\"0\">\n<tbody>\n<tr>\n<td align=\"center\" bgcolor=\"#8C0000\" width=\"86\" height=\"30\"><span style=\"color: #ffffff;\"><strong> Klasa<\/strong><\/span><\/td>\n<td align=\"center\" bgcolor=\"#8C0000\" width=\"300\" height=\"30\"><span style=\"color: #ffffff;\"><strong>Nazwisko i imi\u0119 wychowawcy<\/strong><\/span><\/td>\n<td align=\"center\" bgcolor=\"#8C0000\" width=\"107\" height=\"30\"><span style=\"color: #ffffff;\"><strong>Sala <\/strong><\/span><\/td>\n<\/tr>\n<tr>\n<td align=\"center\" bgcolor=\"#E9E9E9\" width=\"86\" height=\"30\"><span style=\"color: #000000;\">1 A3<\/span><\/td>\n<td align=\"center\" bgcolor=\"#E9E9E9\" width=\"300\" height=\"30\"><span style=\"color: #000000;\">Niedba\u0142a Ewa<\/span><\/td>\n<td align=\"center\" bgcolor=\"#E9E9E9\" width=\"107\" height=\"30\"><span style=\"color: #000000;\">30<\/span><\/td>\n<\/tr>\n<tr>\n<td align=\"center\" bgcolor=\"#CCCCCC\" width=\"86\" height=\"30\"><span style=\"color: #000000;\">1 B4<\/span><\/td>\n<td align=\"center\" bgcolor=\"#CCCCCC\" width=\"300\" height=\"30\"><span style=\"color: #000000;\">Kami\u0144ska Hanna<\/span><\/td>\n<td align=\"center\" bgcolor=\"#CCCCCC\" width=\"107\" height=\"30\"><span style=\"color: #000000;\">60<\/span><\/td>\n<\/tr>\n<tr>\n<td align=\"center\" bgcolor=\"#E9E9E9\" width=\"86\" height=\"30\"><span style=\"color: #000000;\">1 C3<\/span><\/td>\n<td align=\"center\" bgcolor=\"#E9E9E9\" width=\"300\" height=\"30\"><span style=\"color: #000000;\">Polok Monika<\/span><\/td>\n<td align=\"center\" bgcolor=\"#E9E9E9\" width=\"107\" height=\"30\"><span style=\"color: #000000;\">61<\/span><\/td>\n<\/tr>\n<tr>\n<td align=\"center\" bgcolor=\"#CCCCCC\" width=\"86\" height=\"30\"><span style=\"color: #000000;\">1 D4<\/span><\/td>\n<td align=\"center\" bgcolor=\"#CCCCCC\" width=\"300\" height=\"30\"><span style=\"color: #000000;\">Fronczyk Magdalena<\/span><\/td>\n<td align=\"center\" bgcolor=\"#CCCCCC\" width=\"107\" height=\"30\"><span style=\"color: #000000;\">62<\/span><\/td>\n<\/tr>\n<tr>\n<td align=\"center\" bgcolor=\"#E9E9E9\" width=\"86\" height=\"30\"><span style=\"color: #000000;\">1 E3<\/span><\/td>\n<td align=\"center\" bgcolor=\"#E9E9E9\" width=\"300\" height=\"30\"><span style=\"color: #000000;\">Borowska Teresa<\/span><\/td>\n<td align=\"center\" bgcolor=\"#E9E9E9\" width=\"107\" height=\"30\"><span style=\"color: #000000;\">70<\/span><\/td>\n<\/tr>\n<tr>\n<td align=\"center\" bgcolor=\"#CCCCCC\" width=\"86\" height=\"30\"><span style=\"color: #000000;\">1 F4<\/span><\/td>\n<td align=\"center\" bgcolor=\"#CCCCCC\" width=\"300\" height=\"30\"><span style=\"color: #000000;\">Baranowska Marta<\/span><\/td>\n<td align=\"center\" bgcolor=\"#CCCCCC\" width=\"107\" height=\"30\"><span style=\"color: #000000;\">32<\/span><\/td>\n<\/tr>\n<tr>\n<td align=\"center\" bgcolor=\"#E9E9E9\" width=\"86\" height=\"30\"><span style=\"color: #000000;\">1 G3<\/span><\/td>\n<td align=\"center\" bgcolor=\"#E9E9E9\" width=\"300\" height=\"30\"><span style=\"color: #000000;\">Stanuszkiewicz Agnieszka<\/span><\/td>\n<td align=\"center\" bgcolor=\"#E9E9E9\" width=\"107\" height=\"30\"><span style=\"color: #000000;\">29<\/span><\/td>\n<\/tr>\n<tr>\n<td align=\"center\" bgcolor=\"#CCCCCC\" width=\"86\" height=\"30\"><span style=\"color: #000000;\">1 H4<\/span><\/td>\n<td align=\"center\" bgcolor=\"#CCCCCC\" width=\"300\" height=\"30\"><span style=\"color: #000000;\">Piko\u0144 Marcin<\/span><\/td>\n<td align=\"center\" bgcolor=\"#CCCCCC\" width=\"107\" height=\"30\"><span style=\"color: #000000;\">31<\/span><\/td>\n<\/tr>\n<tr>\n<td align=\"center\" bgcolor=\"#E9E9E9\" width=\"86\" height=\"30\"><span style=\"color: #000000;\">1 T4<\/span><\/td>\n<td align=\"center\" bgcolor=\"#E9E9E9\" width=\"300\" height=\"30\"><span style=\"color: #000000;\">Grabarczyk Monika<\/span><\/td>\n<td align=\"center\" bgcolor=\"#E9E9E9\" width=\"107\" height=\"30\"><span style=\"color: #000000;\">52<\/span><\/td>\n<\/tr>\n<tr>\n<td align=\"center\" bgcolor=\"#CCCCCC\" width=\"86\" height=\"30\"><span style=\"color: #000000;\">1 T5<\/span><\/td>\n<td align=\"center\" bgcolor=\"#CCCCCC\" width=\"300\" height=\"30\"><span style=\"color: #000000;\">Biernacki Bart\u0142omiej<\/span><\/td>\n<td align=\"center\" bgcolor=\"#CCCCCC\" width=\"107\" height=\"30\"><span style=\"color: #000000;\">54<\/span><\/td>\n<\/tr>\n<\/tbody>\n<\/table>\n<\/div>\n<p>&nbsp;<\/p>\n","protected":false},"excerpt":{"rendered":"<p>18 wrze\u015bnia 2019 r. (\u015broda) o godz. 16.00 w Auli odb\u0119dzie si\u0119 spotkanie Dyrekcji Szko\u0142y z rodzicami uczni\u00f3w klas pierwszych V Liceum Og\u00f3lnokszta\u0142c\u0105cego i Technikum. Po zako\u0144czeniu spotkania w Auli odb\u0119d\u0105 si\u0119 zebrania z wychowawcami klas. Klasa Nazwisko i imi\u0119 wychowawcy Sala 1 A3 Niedba\u0142a Ewa 30 1 B4 Kami\u0144ska Hanna 60 1 C3 Polok Monika 61 1 D4 Fronczyk&hellip;<\/p>\n","protected":false},"author":1,"featured_media":0,"comment_status":"closed","ping_status":"closed","sticky":false,"template":"","format":"standard","meta":{"footnotes":""},"categories":[3],"tags":[],"class_list":["post-1782","post","type-post","status-publish","format-standard","hentry","category-aktualnosci"],"_links":{"self":[{"href":"https:\/\/zsce.pl\/index.php?rest_route=\/wp\/v2\/posts\/1782","targetHints":{"allow":["GET"]}}],"collection":[{"href":"https:\/\/zsce.pl\/index.php?rest_route=\/wp\/v2\/posts"}],"about":[{"href":"https:\/\/zsce.pl\/index.php?rest_route=\/wp\/v2\/types\/post"}],"author":[{"embeddable":true,"href":"https:\/\/zsce.pl\/index.php?rest_route=\/wp\/v2\/users\/1"}],"replies":[{"embeddable":true,"href":"https:\/\/zsce.pl\/index.php?rest_route=%2Fwp%2Fv2%2Fcomments&post=1782"}],"version-history":[{"count":3,"href":"https:\/\/zsce.pl\/index.php?rest_route=\/wp\/v2\/posts\/1782\/revisions"}],"predecessor-version":[{"id":1785,"href":"https:\/\/zsce.pl\/index.php?rest_route=\/wp\/v2\/posts\/1782\/revisions\/1785"}],"wp:attachment":[{"href":"https:\/\/zsce.pl\/index.php?rest_route=%2Fwp%2Fv2%2Fmedia&parent=1782"}],"wp:term":[{"taxonomy":"category","embeddable":true,"href":"https:\/\/zsce.pl\/index.php?rest_route=%2Fwp%2Fv2%2Fcategories&post=1782"},{"taxonomy":"post_tag","embeddable":true,"href":"https:\/\/zsce.pl\/index.php?rest_route=%2Fwp%2Fv2%2Ftags&post=1782"}],"curies":[{"name":"wp","href":"https:\/\/api.w.org\/{rel}","templated":true}]}}