{"id":1771,"date":"2019-09-10T15:59:25","date_gmt":"2019-09-10T14:59:25","guid":{"rendered":"http:\/\/zsce.pl\/?p=1771"},"modified":"2019-09-12T14:49:34","modified_gmt":"2019-09-12T13:49:34","slug":"zebrania-z-rodzicami-uczniow-klas-2-v-lo-oraz-2-i-3-technikum","status":"publish","type":"post","link":"https:\/\/zsce.pl\/?p=1771","title":{"rendered":"Zebrania z rodzicami uczni\u00f3w klas 2 V LO oraz 2 i 3 Technikum"},"content":{"rendered":"<p><strong>17 wrze\u015bnia 2019 r. (wtorek)<\/strong> odb\u0119d\u0105 si\u0119 zebrania wychowawc\u00f3w z rodzicami uczni\u00f3w klas drugich V Liceum Og\u00f3lnokszta\u0142c\u0105cego oraz klas drugich i trzecich Technikum wed\u0142ug poni\u017cszego harmonogramu.<\/p>\n<div align=\"center\">\n<table cellpadding=\"0\">\n<tbody>\n<tr>\n<td align=\"center\" bgcolor=\"#8C0000\" width=\"86\" height=\"30\"><span style=\"color: #ffffff;\"><strong>Klasa<\/strong><\/span><\/td>\n<td align=\"center\" bgcolor=\"#8C0000\" width=\"300\" height=\"30\"><span style=\"color: #ffffff;\"><strong>Nazwisko i imi\u0119 wychowawcy<\/strong><\/span><\/td>\n<td align=\"center\" bgcolor=\"#8C0000\" width=\"130\" height=\"30\"><span style=\"color: #ffffff;\"><strong>Godzina<\/strong><\/span><\/td>\n<td align=\"center\" bgcolor=\"#8C0000\" width=\"107\" height=\"30\"><span style=\"color: #ffffff;\"><strong>Sala <\/strong><\/span><\/td>\n<\/tr>\n<tr>\n<td align=\"center\" bgcolor=\"#E9E9E9\" width=\"86\" height=\"30\"><span style=\"color: #000000;\">2 A<\/span><\/td>\n<td align=\"center\" bgcolor=\"#E9E9E9\" width=\"300\" height=\"30\"><span style=\"color: #000000;\">Duszczyk Marcin<\/span><\/td>\n<td align=\"center\" bgcolor=\"#E9E9E9\" width=\"130\" height=\"30\"><span style=\"color: #000000;\">16.00<\/span><\/td>\n<td align=\"center\" bgcolor=\"#E9E9E9\" width=\"107\" height=\"30\"><span style=\"color: #000000;\">36<\/span><\/td>\n<\/tr>\n<tr>\n<td align=\"center\" bgcolor=\"#CCCCCC\" width=\"86\" height=\"30\"><span style=\"color: #000000;\">2 C<\/span><\/td>\n<td align=\"center\" bgcolor=\"#CCCCCC\" width=\"300\" height=\"30\"><span style=\"color: #000000;\">\u017baczek Aleksandra<\/span><\/td>\n<td align=\"center\" bgcolor=\"#CCCCCC\" width=\"130\" height=\"30\"><span style=\"color: #000000;\">16.00<\/span><\/td>\n<td align=\"center\" bgcolor=\"#CCCCCC\" width=\"107\" height=\"30\"><span style=\"color: #000000;\">55<\/span><\/td>\n<\/tr>\n<tr>\n<td align=\"center\" bgcolor=\"#E9E9E9\" width=\"86\" height=\"30\"><span style=\"color: #000000;\">2 D<\/span><\/td>\n<td align=\"center\" bgcolor=\"#E9E9E9\" width=\"300\" height=\"30\"><span style=\"color: #000000;\">Klikczy\u0144ska Kalina<\/span><\/td>\n<td align=\"center\" bgcolor=\"#E9E9E9\" width=\"130\" height=\"30\"><span style=\"color: #000000;\">16.00<\/span><\/td>\n<td align=\"center\" bgcolor=\"#E9E9E9\" width=\"107\" height=\"30\"><span style=\"color: #000000;\">67<\/span><\/td>\n<\/tr>\n<tr>\n<td align=\"center\" bgcolor=\"#CCCCCC\" width=\"86\" height=\"30\"><span style=\"color: #000000;\">2 E<\/span><\/td>\n<td align=\"center\" bgcolor=\"#CCCCCC\" width=\"300\" height=\"30\"><span style=\"color: #000000;\">Paprocka Ma\u0142gorzata<\/span><\/td>\n<td align=\"center\" bgcolor=\"#CCCCCC\" width=\"130\" height=\"30\"><span style=\"color: #000000;\">16.00<\/span><\/td>\n<td align=\"center\" bgcolor=\"#CCCCCC\" width=\"107\" height=\"30\"><span style=\"color: #000000;\">61<\/span><\/td>\n<\/tr>\n<tr>\n<td align=\"center\" bgcolor=\"#E9E9E9\" width=\"86\" height=\"30\"><span style=\"color: #000000;\">2 F<\/span><\/td>\n<td align=\"center\" bgcolor=\"#E9E9E9\" width=\"300\" height=\"30\"><span style=\"color: #000000;\">Dymek Anna<\/span><\/td>\n<td align=\"center\" bgcolor=\"#E9E9E9\" width=\"130\" height=\"30\"><span style=\"color: #000000;\">16.00<\/span><\/td>\n<td align=\"center\" bgcolor=\"#E9E9E9\" width=\"107\" height=\"30\"><span style=\"color: #000000;\">62<\/span><\/td>\n<\/tr>\n<tr>\n<td align=\"center\" bgcolor=\"#CCCCCC\" width=\"86\" height=\"30\"><span style=\"color: #000000;\">2 G<\/span><\/td>\n<td align=\"center\" bgcolor=\"#CCCCCC\" width=\"300\" height=\"30\"><span style=\"color: #000000;\">Jankowska El\u017cbieta<\/span><\/td>\n<td align=\"center\" bgcolor=\"#CCCCCC\" width=\"130\" height=\"30\"><span style=\"color: #000000;\">16.00<\/span><\/td>\n<td align=\"center\" bgcolor=\"#CCCCCC\" width=\"107\" height=\"30\"><span style=\"color: #000000;\">32<\/span><\/td>\n<\/tr>\n<tr>\n<td align=\"center\" bgcolor=\"#E9E9E9\" width=\"86\" height=\"30\"><span style=\"color: #000000;\">2 H<\/span><\/td>\n<td align=\"center\" bgcolor=\"#E9E9E9\" width=\"300\" height=\"30\"><span style=\"color: #000000;\">Michalska Jolanta<\/span><\/td>\n<td align=\"center\" bgcolor=\"#E9E9E9\" width=\"130\" height=\"30\"><span style=\"color: #000000;\">16.00<\/span><\/td>\n<td align=\"center\" bgcolor=\"#E9E9E9\" width=\"107\" height=\"30\"><span style=\"color: #000000;\">30<\/span><\/td>\n<\/tr>\n<tr>\n<td align=\"center\" bgcolor=\"#CCCCCC\" width=\"86\" height=\"30\"><span style=\"color: #000000;\">2 Tb<\/span><\/td>\n<td align=\"center\" bgcolor=\"#CCCCCC\" width=\"300\" height=\"30\"><span style=\"color: #000000;\">Falkowska Beata<\/span><\/td>\n<td align=\"center\" bgcolor=\"#CCCCCC\" width=\"130\" height=\"30\"><span style=\"color: #000000;\">16.00<\/span><\/td>\n<td align=\"center\" bgcolor=\"#CCCCCC\" width=\"107\" height=\"30\"><span style=\"color: #000000;\">54<\/span><\/td>\n<\/tr>\n<tr>\n<td align=\"center\" bgcolor=\"#E9E9E9\" width=\"86\" height=\"30\"><span style=\"color: #000000;\">3 Ta<\/span><\/td>\n<td align=\"center\" bgcolor=\"#E9E9E9\" width=\"300\" height=\"30\"><span style=\"color: #000000;\">Ruszkowska Ewelina<\/span><\/td>\n<td align=\"center\" bgcolor=\"#E9E9E9\" width=\"130\" height=\"30\"><span style=\"color: #000000;\">16.00<\/span><\/td>\n<td align=\"center\" bgcolor=\"#E9E9E9\" width=\"107\" height=\"30\"><span style=\"color: #000000;\">45<\/span><\/td>\n<\/tr>\n<tr>\n<td align=\"center\" bgcolor=\"#CCCCCC\" width=\"86\" height=\"30\"><span style=\"color: #000000;\">3 Tb<\/span><\/td>\n<td align=\"center\" bgcolor=\"#CCCCCC\" width=\"300\" height=\"30\"><span style=\"color: #000000;\">Kokoszczy\u0144ska Anna<\/span><\/td>\n<td align=\"center\" bgcolor=\"#CCCCCC\" width=\"130\" height=\"30\"><span style=\"color: #000000;\">16.15<\/span><\/td>\n<td align=\"center\" bgcolor=\"#CCCCCC\" width=\"107\" height=\"30\"><span style=\"color: #000000;\">17<\/span><\/td>\n<\/tr>\n<\/tbody>\n<\/table>\n<\/div>\n<p>&nbsp;<\/p>\n<p><span style=\"color: #993300;\"><strong>18 wrze\u015bnia 2019 r. (\u015broda)<\/strong> odb\u0119d\u0105 si\u0119 wyj\u0105tkowo zebrania wychowawc\u00f3w klas 2 B i 2 Ta z rodzicami uczni\u00f3w.<\/span><\/p>\n<div align=\"center\">\n<table cellpadding=\"0\">\n<tbody>\n<tr>\n<td align=\"center\" bgcolor=\"#8C0000\" width=\"86\" height=\"30\"><span style=\"color: #ffffff;\"><strong>Klasa<\/strong><\/span><\/td>\n<td align=\"center\" bgcolor=\"#8C0000\" width=\"300\" height=\"30\"><span style=\"color: #ffffff;\"><strong>Nazwisko i imi\u0119 wychowawcy<\/strong><\/span><\/td>\n<td align=\"center\" bgcolor=\"#8C0000\" width=\"130\" height=\"30\"><span style=\"color: #ffffff;\"><strong>Godzina<\/strong><\/span><\/td>\n<td align=\"center\" bgcolor=\"#8C0000\" width=\"107\" height=\"30\"><span style=\"color: #ffffff;\"><strong>Sala <\/strong><\/span><\/td>\n<\/tr>\n<tr>\n<td align=\"center\" bgcolor=\"#E9E9E9\" width=\"86\" height=\"30\"><span style=\"color: #000000;\">2 B<\/span><\/td>\n<td align=\"center\" bgcolor=\"#E9E9E9\" width=\"300\" height=\"30\"><span style=\"color: #000000;\">Stempi\u0144ska Bogumi\u0142a<\/span><\/td>\n<td align=\"center\" bgcolor=\"#E9E9E9\" width=\"130\" height=\"30\"><span style=\"color: #000000;\">16.00<\/span><\/td>\n<td align=\"center\" bgcolor=\"#E9E9E9\" width=\"107\" height=\"30\"><span style=\"color: #000000;\">33<\/span><\/td>\n<\/tr>\n<tr>\n<td align=\"center\" bgcolor=\"#CCCCCC\" width=\"86\" height=\"30\"><span style=\"color: #000000;\">2 Ta<\/span><\/td>\n<td align=\"center\" bgcolor=\"#CCCCCC\" width=\"300\" height=\"30\"><span style=\"color: #000000;\">Brzeska-Walczak El\u017cbieta<\/span><\/td>\n<td align=\"center\" bgcolor=\"#CCCCCC\" width=\"130\" height=\"30\"><span style=\"color: #000000;\">17.00<\/span><\/td>\n<td align=\"center\" bgcolor=\"#CCCCCC\" width=\"107\" height=\"30\"><span style=\"color: #000000;\">28<\/span><\/td>\n<\/tr>\n<\/tbody>\n<\/table>\n<p>&nbsp;<\/p>\n<\/div>\n","protected":false},"excerpt":{"rendered":"<p>17 wrze\u015bnia 2019 r. (wtorek) odb\u0119d\u0105 si\u0119 zebrania wychowawc\u00f3w z rodzicami uczni\u00f3w klas drugich V Liceum Og\u00f3lnokszta\u0142c\u0105cego oraz klas drugich i trzecich Technikum wed\u0142ug poni\u017cszego harmonogramu. Klasa Nazwisko i imi\u0119 wychowawcy Godzina Sala 2 A Duszczyk Marcin 16.00 36 2 C \u017baczek Aleksandra 16.00 55 2 D Klikczy\u0144ska Kalina 16.00 67 2 E Paprocka Ma\u0142gorzata 16.00 61 2 F Dymek&hellip;<\/p>\n","protected":false},"author":1,"featured_media":0,"comment_status":"closed","ping_status":"closed","sticky":false,"template":"","format":"standard","meta":{"footnotes":""},"categories":[3],"tags":[],"class_list":["post-1771","post","type-post","status-publish","format-standard","hentry","category-aktualnosci"],"_links":{"self":[{"href":"https:\/\/zsce.pl\/index.php?rest_route=\/wp\/v2\/posts\/1771","targetHints":{"allow":["GET"]}}],"collection":[{"href":"https:\/\/zsce.pl\/index.php?rest_route=\/wp\/v2\/posts"}],"about":[{"href":"https:\/\/zsce.pl\/index.php?rest_route=\/wp\/v2\/types\/post"}],"author":[{"embeddable":true,"href":"https:\/\/zsce.pl\/index.php?rest_route=\/wp\/v2\/users\/1"}],"replies":[{"embeddable":true,"href":"https:\/\/zsce.pl\/index.php?rest_route=%2Fwp%2Fv2%2Fcomments&post=1771"}],"version-history":[{"count":13,"href":"https:\/\/zsce.pl\/index.php?rest_route=\/wp\/v2\/posts\/1771\/revisions"}],"predecessor-version":[{"id":1805,"href":"https:\/\/zsce.pl\/index.php?rest_route=\/wp\/v2\/posts\/1771\/revisions\/1805"}],"wp:attachment":[{"href":"https:\/\/zsce.pl\/index.php?rest_route=%2Fwp%2Fv2%2Fmedia&parent=1771"}],"wp:term":[{"taxonomy":"category","embeddable":true,"href":"https:\/\/zsce.pl\/index.php?rest_route=%2Fwp%2Fv2%2Fcategories&post=1771"},{"taxonomy":"post_tag","embeddable":true,"href":"https:\/\/zsce.pl\/index.php?rest_route=%2Fwp%2Fv2%2Ftags&post=1771"}],"curies":[{"name":"wp","href":"https:\/\/api.w.org\/{rel}","templated":true}]}}