{"id":1748,"date":"2019-08-17T11:39:59","date_gmt":"2019-08-17T10:39:59","guid":{"rendered":"http:\/\/zsce.pl\/?p=1748"},"modified":"2019-08-17T11:39:59","modified_gmt":"2019-08-17T10:39:59","slug":"zmarla-barbara-cwikla","status":"publish","type":"post","link":"https:\/\/zsce.pl\/?p=1748","title":{"rendered":"Zmar\u0142a Barbara \u0106wik\u0142a"},"content":{"rendered":"<p><a href=\"http:\/\/zsce.pl\/?attachment_id=1749\" rel=\"attachment wp-att-1749\"><img loading=\"lazy\" decoding=\"async\" class=\"size-full wp-image-1749 aligncenter\" src=\"http:\/\/zsce.pl\/wp-content\/uploads\/2019\/08\/smutek-klipart_csp22721211.jpg\" alt=\"\" width=\"300\" height=\"131\" \/><\/a><\/p>\n<p style=\"text-align: center;\"><span style=\"font-size: 12pt;\"><strong>Z \u017calem zawiadamiamy, \u017ce w czwartek 15.08.2019 r. zmar\u0142a Barbara \u0106wik\u0142a,<\/strong><\/span><\/p>\n<p style=\"text-align: center;\"><span style=\"font-size: 12pt;\"><strong>d\u0142ugoletni pracownik Zespo\u0142u Szk\u00f3\u0142 Centrum Edukacji im. Ignacego \u0141ukasiewicza.<\/strong><\/span><\/p>\n<p>&nbsp;<\/p>\n<p style=\"text-align: center;\"><span style=\"font-size: 12pt;\"><strong>Uroczysto\u015bci pogrzebowe odb\u0119d\u0105 si\u0119 w poniedzia\u0142ek 19.08.2019 r. o godz. 10:00<\/strong><\/span><\/p>\n<p style=\"text-align: center;\"><span style=\"font-size: 12pt;\"><strong>w Bazylice katedralnej \u015bw. Jakuba w Olsztynie.<\/strong><\/span><\/p>\n<p>&nbsp;<\/p>\n","protected":false},"excerpt":{"rendered":"<p>Z \u017calem zawiadamiamy, \u017ce w czwartek 15.08.2019 r. zmar\u0142a Barbara \u0106wik\u0142a, d\u0142ugoletni pracownik Zespo\u0142u Szk\u00f3\u0142 Centrum Edukacji im. Ignacego \u0141ukasiewicza. &nbsp; Uroczysto\u015bci pogrzebowe odb\u0119d\u0105 si\u0119 w poniedzia\u0142ek 19.08.2019 r. o godz. 10:00 w Bazylice katedralnej \u015bw. Jakuba w Olsztynie. &nbsp;<\/p>\n","protected":false},"author":1,"featured_media":0,"comment_status":"closed","ping_status":"closed","sticky":false,"template":"","format":"standard","meta":{"footnotes":""},"categories":[3],"tags":[],"class_list":["post-1748","post","type-post","status-publish","format-standard","hentry","category-aktualnosci"],"_links":{"self":[{"href":"https:\/\/zsce.pl\/index.php?rest_route=\/wp\/v2\/posts\/1748","targetHints":{"allow":["GET"]}}],"collection":[{"href":"https:\/\/zsce.pl\/index.php?rest_route=\/wp\/v2\/posts"}],"about":[{"href":"https:\/\/zsce.pl\/index.php?rest_route=\/wp\/v2\/types\/post"}],"author":[{"embeddable":true,"href":"https:\/\/zsce.pl\/index.php?rest_route=\/wp\/v2\/users\/1"}],"replies":[{"embeddable":true,"href":"https:\/\/zsce.pl\/index.php?rest_route=%2Fwp%2Fv2%2Fcomments&post=1748"}],"version-history":[{"count":3,"href":"https:\/\/zsce.pl\/index.php?rest_route=\/wp\/v2\/posts\/1748\/revisions"}],"predecessor-version":[{"id":1752,"href":"https:\/\/zsce.pl\/index.php?rest_route=\/wp\/v2\/posts\/1748\/revisions\/1752"}],"wp:attachment":[{"href":"https:\/\/zsce.pl\/index.php?rest_route=%2Fwp%2Fv2%2Fmedia&parent=1748"}],"wp:term":[{"taxonomy":"category","embeddable":true,"href":"https:\/\/zsce.pl\/index.php?rest_route=%2Fwp%2Fv2%2Fcategories&post=1748"},{"taxonomy":"post_tag","embeddable":true,"href":"https:\/\/zsce.pl\/index.php?rest_route=%2Fwp%2Fv2%2Ftags&post=1748"}],"curies":[{"name":"wp","href":"https:\/\/api.w.org\/{rel}","templated":true}]}}