{"id":1621,"date":"2019-04-17T13:52:59","date_gmt":"2019-04-17T12:52:59","guid":{"rendered":"http:\/\/zsce.pl\/?p=1621"},"modified":"2019-04-24T07:45:56","modified_gmt":"2019-04-24T06:45:56","slug":"zakonczenie-roku-klas-maturalnych","status":"publish","type":"post","link":"https:\/\/zsce.pl\/?p=1621","title":{"rendered":"Organizacja zaj\u0119\u0107 w dniu 26.04.2019 r. &#8211; Zako\u0144czenie roku klas maturalnych"},"content":{"rendered":"<p>&nbsp;<\/p>\n<p style=\"text-align: justify;\"><span style=\"color: #ff0000;\"><strong>Organizacja zako\u0144czenia roku klas maturalnych w dniu 26.04.2019 r.<\/strong><\/span><\/p>\n<p style=\"text-align: justify;\"><strong>9:00<\/strong> &#8211; Msza \u015awi\u0119ta w Ko\u015bciele \u015bw. Jana Chrzciciela w P\u0142ocku z rozdaniem dyplom\u00f3w katechizacji przedma\u0142\u017ce\u0144skiej;<\/p>\n<p style=\"text-align: justify;\"><strong>10:30<\/strong> &#8211; Szkolenie z procedur maturalnych w auli ZSCE i odbi\u00f3r login\u00f3w umo\u017cliwiaj\u0105cych dost\u0119p do indywidualnych wynik\u00f3w w aplikacji elektronicznej;<\/p>\n<p style=\"text-align: justify;\"><strong>12:00<\/strong> &#8211; Uroczyste zako\u0144czenie roku klas maturalnych w auli ZSCE &#8211; wr\u0119czenie \u015bwiadectw uko\u0144czenia szko\u0142y.<\/p>\n<p style=\"text-align: justify;\">\n<p style=\"text-align: justify;\"><span style=\"color: #ff0000;\"><strong>Dla uczni\u00f3w klas 1 i 2 V LO oraz 1, 2 i 3 Technikum pi\u0105tek 26.04.2019 r. jest dniem wolnym od zaj\u0119\u0107 dydaktyczno-wychowawczych.<\/strong><\/span><\/p>\n<p>&nbsp;<\/p>\n","protected":false},"excerpt":{"rendered":"<p>&nbsp; Organizacja zako\u0144czenia roku klas maturalnych w dniu 26.04.2019 r. 9:00 &#8211; Msza \u015awi\u0119ta w Ko\u015bciele \u015bw. Jana Chrzciciela w P\u0142ocku z rozdaniem dyplom\u00f3w katechizacji przedma\u0142\u017ce\u0144skiej; 10:30 &#8211; Szkolenie z procedur maturalnych w auli ZSCE i odbi\u00f3r login\u00f3w umo\u017cliwiaj\u0105cych dost\u0119p do indywidualnych wynik\u00f3w w aplikacji elektronicznej; 12:00 &#8211; Uroczyste zako\u0144czenie roku klas maturalnych w auli ZSCE &#8211; wr\u0119czenie \u015bwiadectw uko\u0144czenia&hellip;<\/p>\n","protected":false},"author":1,"featured_media":0,"comment_status":"closed","ping_status":"closed","sticky":false,"template":"","format":"standard","meta":{"footnotes":""},"categories":[3],"tags":[],"class_list":["post-1621","post","type-post","status-publish","format-standard","hentry","category-aktualnosci"],"_links":{"self":[{"href":"https:\/\/zsce.pl\/index.php?rest_route=\/wp\/v2\/posts\/1621","targetHints":{"allow":["GET"]}}],"collection":[{"href":"https:\/\/zsce.pl\/index.php?rest_route=\/wp\/v2\/posts"}],"about":[{"href":"https:\/\/zsce.pl\/index.php?rest_route=\/wp\/v2\/types\/post"}],"author":[{"embeddable":true,"href":"https:\/\/zsce.pl\/index.php?rest_route=\/wp\/v2\/users\/1"}],"replies":[{"embeddable":true,"href":"https:\/\/zsce.pl\/index.php?rest_route=%2Fwp%2Fv2%2Fcomments&post=1621"}],"version-history":[{"count":5,"href":"https:\/\/zsce.pl\/index.php?rest_route=\/wp\/v2\/posts\/1621\/revisions"}],"predecessor-version":[{"id":1627,"href":"https:\/\/zsce.pl\/index.php?rest_route=\/wp\/v2\/posts\/1621\/revisions\/1627"}],"wp:attachment":[{"href":"https:\/\/zsce.pl\/index.php?rest_route=%2Fwp%2Fv2%2Fmedia&parent=1621"}],"wp:term":[{"taxonomy":"category","embeddable":true,"href":"https:\/\/zsce.pl\/index.php?rest_route=%2Fwp%2Fv2%2Fcategories&post=1621"},{"taxonomy":"post_tag","embeddable":true,"href":"https:\/\/zsce.pl\/index.php?rest_route=%2Fwp%2Fv2%2Ftags&post=1621"}],"curies":[{"name":"wp","href":"https:\/\/api.w.org\/{rel}","templated":true}]}}