{"id":1502,"date":"2019-03-05T23:07:04","date_gmt":"2019-03-05T22:07:04","guid":{"rendered":"http:\/\/zsce.pl\/?p=1502"},"modified":"2019-03-06T14:27:54","modified_gmt":"2019-03-06T13:27:54","slug":"drzwi-otwarte-29-marca-2019r","status":"publish","type":"post","link":"https:\/\/zsce.pl\/?p=1502","title":{"rendered":"Drzwi Otwarte 29 marca 2019r."},"content":{"rendered":"<p>&nbsp;<\/p>\n<p style=\"text-align: center;\"><span style=\"font-size: 18pt; color: #ff0000;\"><strong>Drzwi Otwarte w Zespole Szk\u00f3\u0142 Centrum Edukacji <\/strong><\/span><\/p>\n<p style=\"text-align: center;\"><span style=\"font-size: 18pt; color: #ff0000;\"><strong>im. Ignacego \u0141ukasiewicza<\/strong><\/span><\/p>\n<p style=\"text-align: center;\"><span style=\"font-size: 18pt; color: #ff0000;\"><strong>odb\u0119d\u0105 si\u0119 w <span style=\"text-decoration: underline;\">pi\u0105tek 29 marca 2019 r. w godz. 13:00 &#8211; 16:00<\/span><\/strong><\/span><\/p>\n<p style=\"text-align: center;\"><span style=\"font-size: 18pt; color: #ff0000;\"><strong>Zapraszamy !<\/strong><\/span><\/p>\n<p>&nbsp;<\/p>\n<p style=\"text-align: center;\"><strong><span style=\"font-size: 18pt;\">W zak\u0142adce Kandydaci dost\u0119pna jest <a href=\"http:\/\/zsce.pl\/?page_id=478\">oferta edukacyjna<\/a> <\/span><\/strong><\/p>\n<p style=\"text-align: center;\"><strong><span style=\"font-size: 18pt;\">na rok szkolny 2019\/2020<br \/>\n<\/span><\/strong><\/p>\n<p style=\"text-align: center;\"><strong><span style=\"font-size: 18pt;\">dla absolwent\u00f3w szk\u00f3\u0142 gimnazjalnych i podstawowych.<\/span><\/strong><\/p>\n<p>&nbsp;<\/p>\n<p style=\"text-align: center;\"><img loading=\"lazy\" decoding=\"async\" class=\"alignnone size-full wp-image-1509\" src=\"http:\/\/zsce.pl\/wp-content\/uploads\/2019\/03\/Bez-tytu\u0142u.jpg\" alt=\"\" width=\"645\" height=\"913\" srcset=\"https:\/\/zsce.pl\/wp-content\/uploads\/2019\/03\/Bez-tytu\u0142u.jpg 645w, https:\/\/zsce.pl\/wp-content\/uploads\/2019\/03\/Bez-tytu\u0142u-258x365.jpg 258w, https:\/\/zsce.pl\/wp-content\/uploads\/2019\/03\/Bez-tytu\u0142u-593x840.jpg 593w\" sizes=\"auto, (max-width: 645px) 100vw, 645px\" \/><\/p>\n","protected":false},"excerpt":{"rendered":"<p>&nbsp; Drzwi Otwarte w Zespole Szk\u00f3\u0142 Centrum Edukacji im. Ignacego \u0141ukasiewicza odb\u0119d\u0105 si\u0119 w pi\u0105tek 29 marca 2019 r. w godz. 13:00 &#8211; 16:00 Zapraszamy ! &nbsp; W zak\u0142adce Kandydaci dost\u0119pna jest oferta edukacyjna na rok szkolny 2019\/2020 dla absolwent\u00f3w szk\u00f3\u0142 gimnazjalnych i podstawowych. &nbsp;<\/p>\n","protected":false},"author":1,"featured_media":0,"comment_status":"closed","ping_status":"closed","sticky":false,"template":"","format":"standard","meta":{"footnotes":""},"categories":[3],"tags":[],"class_list":["post-1502","post","type-post","status-publish","format-standard","hentry","category-aktualnosci"],"_links":{"self":[{"href":"https:\/\/zsce.pl\/index.php?rest_route=\/wp\/v2\/posts\/1502","targetHints":{"allow":["GET"]}}],"collection":[{"href":"https:\/\/zsce.pl\/index.php?rest_route=\/wp\/v2\/posts"}],"about":[{"href":"https:\/\/zsce.pl\/index.php?rest_route=\/wp\/v2\/types\/post"}],"author":[{"embeddable":true,"href":"https:\/\/zsce.pl\/index.php?rest_route=\/wp\/v2\/users\/1"}],"replies":[{"embeddable":true,"href":"https:\/\/zsce.pl\/index.php?rest_route=%2Fwp%2Fv2%2Fcomments&post=1502"}],"version-history":[{"count":7,"href":"https:\/\/zsce.pl\/index.php?rest_route=\/wp\/v2\/posts\/1502\/revisions"}],"predecessor-version":[{"id":1510,"href":"https:\/\/zsce.pl\/index.php?rest_route=\/wp\/v2\/posts\/1502\/revisions\/1510"}],"wp:attachment":[{"href":"https:\/\/zsce.pl\/index.php?rest_route=%2Fwp%2Fv2%2Fmedia&parent=1502"}],"wp:term":[{"taxonomy":"category","embeddable":true,"href":"https:\/\/zsce.pl\/index.php?rest_route=%2Fwp%2Fv2%2Fcategories&post=1502"},{"taxonomy":"post_tag","embeddable":true,"href":"https:\/\/zsce.pl\/index.php?rest_route=%2Fwp%2Fv2%2Ftags&post=1502"}],"curies":[{"name":"wp","href":"https:\/\/api.w.org\/{rel}","templated":true}]}}