{"id":1278,"date":"2018-11-11T07:11:53","date_gmt":"2018-11-11T06:11:53","guid":{"rendered":"http:\/\/zsce.pl\/?p=1278"},"modified":"2018-11-14T14:38:46","modified_gmt":"2018-11-14T13:38:46","slug":"rekord-dla-niepodleglej-09-11-2018-r-o-godz-1111","status":"publish","type":"post","link":"https:\/\/zsce.pl\/?p=1278","title":{"rendered":"Rekord dla Niepodleg\u0142ej 09.11.2018 r. o godz. 11:11"},"content":{"rendered":"<p style=\"text-align: center;\"><strong>Akcja \u201eRekord dla Niepodleg\u0142ej\u201d<\/strong><\/p>\n<p style=\"text-align: center;\"><strong>organizowana przez MEN<\/strong><\/p>\n<p style=\"text-align: center;\"><strong>pi\u0105tek 9 listopada 2018r., godz. 11.11<\/strong><\/p>\n<p>&nbsp;<\/p>\n<p>&nbsp;<\/p>\n<p style=\"text-align: justify;\">Zgodnie z propozycj\u0105 Ministerstwa Edukacji Narodowej m\u0142odzie\u017c Zespo\u0142u Szk\u00f3\u0142 Centrum Edukacji im. Ignacego \u0141ukasiewicza w\u0142\u0105czy\u0142a si\u0119 w akcj\u0119 \u201eRekord dla Niepodleg\u0142ej\u201d. Ca\u0142a spo\u0142eczno\u015b\u0107 szkolna ch\u0119tnie przyst\u0105pi\u0142a do wsp\u00f3lnego od\u015bpiewania hymnu.<\/p>\n<p style=\"text-align: justify;\">Na placu przed budynkiem szko\u0142y 9 listopada 2018 r. o godzinie 11.11 zebrali si\u0119 wszyscy uczniowie V Liceum Og\u00f3lnokszta\u0142c\u0105cego i Technikum, w sumie ok. 940 uczni\u00f3w. Do\u0142\u0105czyli do nich dyrektorzy z Pani\u0105 dyrektor Barbar\u0105 Kozer\u0105 na czele, nauczyciele i pracownicy Szko\u0142y, w sumie ok. 80 os\u00f3b.<\/p>\n<p style=\"text-align: justify;\">Do szczytnej akcji \u201eRekord dla Niepodleg\u0142ej\u201d przy\u0142\u0105czyli si\u0119 tak\u017ce pracownicy Centrum Edukacji \u2013 organu prowadz\u0105cego Szko\u0142\u0119, z Panem prezesem Bogdanem Kijkiem w liczbie ok. 25 os\u00f3b.<\/p>\n<p style=\"text-align: justify;\">Zaszczycili nas swoj\u0105 obecno\u015bci\u0105 go\u015bcie specjalni, kt\u00f3rzy w\u0142\u0105czyli si\u0119 do akcji Rekord dla Niepodleg\u0142ej:<\/p>\n<ol style=\"text-align: justify;\">\n<li>Pan Krzysztof Wi\u015bniewski \u2013 Dyrektor Delegatury w P\u0142ocku Kuratorium O\u015bwiaty w Warszawie<\/li>\n<li>Pan Henryk Kleczkowski \u2013 Przewodnicz\u0105cy Komisji Mi\u0119dzyzak\u0142adowej NSZZ \u201eSolidarno\u015b\u0107\u201d PKN ORLEN<\/li>\n<li>Pan Piotr Szpakowicz \u2013 Cz\u0142onek Zarz\u0105du ORLEN Projekt<\/li>\n<li>Pan Tomasz Go\u015bciniak \u2013 Dyrektor Biura Bezpiecze\u0144stwa i Higieny Pracy PKN ORLEN<\/li>\n<li>Pan Pawe\u0142 \u0141apiak \u2013 z Biura Bezpiecze\u0144stwa PKN ORLEN<\/li>\n<\/ol>\n<p style=\"text-align: justify;\">\u201eMazurek D\u0105browskiego\u201d zosta\u0142 uroczy\u015bcie od\u015bpiewany o godzinie 11.11. W taki spos\u00f3b upami\u0119tnili\u015bmy 100 Rocznic\u0119 Odzyskania Niepodleg\u0142o\u015bci przez Polsk\u0119.<\/p>\n<p style=\"text-align: justify;\">Podnios\u0142y nastr\u00f3j, bia\u0142e i czerwone balony, bia\u0142o-czerwone kokardy narodowe\u00a0 oraz przygotowana na t\u0119 okoliczno\u015b\u0107 ulotka ze s\u0142owami hymnu narodowego, a tak\u017ce pi\u0119kna pogoda to te elementy uroczysto\u015bci, kt\u00f3re zapewne zapadn\u0105 w pami\u0119\u0107 uczestnik\u00f3w.<\/p>\n<p><img loading=\"lazy\" decoding=\"async\" class=\"wp-image-1281 aligncenter\" src=\"http:\/\/zsce.pl\/wp-content\/uploads\/2018\/11\/3-660x348.jpg\" alt=\"\" width=\"920\" height=\"485\" srcset=\"https:\/\/zsce.pl\/wp-content\/uploads\/2018\/11\/3-660x348.jpg 660w, https:\/\/zsce.pl\/wp-content\/uploads\/2018\/11\/3-768x405.jpg 768w, https:\/\/zsce.pl\/wp-content\/uploads\/2018\/11\/3-840x443.jpg 840w\" sizes=\"auto, (max-width: 920px) 100vw, 920px\" \/><\/p>\n<p><img loading=\"lazy\" decoding=\"async\" class=\" wp-image-1280 aligncenter\" src=\"http:\/\/zsce.pl\/wp-content\/uploads\/2018\/11\/2-660x348.jpg\" alt=\"\" width=\"920\" height=\"485\" srcset=\"https:\/\/zsce.pl\/wp-content\/uploads\/2018\/11\/2-660x348.jpg 660w, https:\/\/zsce.pl\/wp-content\/uploads\/2018\/11\/2-768x405.jpg 768w, https:\/\/zsce.pl\/wp-content\/uploads\/2018\/11\/2-840x443.jpg 840w\" sizes=\"auto, (max-width: 920px) 100vw, 920px\" \/><\/p>\n<p><img loading=\"lazy\" decoding=\"async\" class=\" wp-image-1279 aligncenter\" src=\"http:\/\/zsce.pl\/wp-content\/uploads\/2018\/11\/1-660x348.jpg\" alt=\"\" width=\"922\" height=\"486\" srcset=\"https:\/\/zsce.pl\/wp-content\/uploads\/2018\/11\/1-660x348.jpg 660w, https:\/\/zsce.pl\/wp-content\/uploads\/2018\/11\/1-768x405.jpg 768w, https:\/\/zsce.pl\/wp-content\/uploads\/2018\/11\/1-840x443.jpg 840w\" sizes=\"auto, (max-width: 922px) 100vw, 922px\" \/><\/p>\n<p>&nbsp;<\/p>\n<p style=\"text-align: center;\">Zdj\u0119cia dzi\u0119ki uprzejmo\u015bci PetroNews (Fot. Wiktor Pleczy\u0144ski):<\/p>\n<p style=\"text-align: center;\">\n<p><img loading=\"lazy\" decoding=\"async\" class=\"alignnone size-medium wp-image-1301 aligncenter\" src=\"http:\/\/zsce.pl\/wp-content\/uploads\/2018\/11\/\u015apiewanie-Dla-Niepodleg\u0142ej-10-548x365.jpg\" alt=\"\" width=\"548\" height=\"365\" srcset=\"https:\/\/zsce.pl\/wp-content\/uploads\/2018\/11\/\u015apiewanie-Dla-Niepodleg\u0142ej-10-548x365.jpg 548w, https:\/\/zsce.pl\/wp-content\/uploads\/2018\/11\/\u015apiewanie-Dla-Niepodleg\u0142ej-10-768x512.jpg 768w, https:\/\/zsce.pl\/wp-content\/uploads\/2018\/11\/\u015apiewanie-Dla-Niepodleg\u0142ej-10-840x560.jpg 840w, https:\/\/zsce.pl\/wp-content\/uploads\/2018\/11\/\u015apiewanie-Dla-Niepodleg\u0142ej-10.jpg 1200w\" sizes=\"auto, (max-width: 548px) 100vw, 548px\" \/> <img loading=\"lazy\" decoding=\"async\" class=\"alignnone size-medium wp-image-1302 aligncenter\" src=\"http:\/\/zsce.pl\/wp-content\/uploads\/2018\/11\/\u015apiewanie-Dla-Niepodleg\u0142ej-11-548x365.jpg\" alt=\"\" width=\"548\" height=\"365\" srcset=\"https:\/\/zsce.pl\/wp-content\/uploads\/2018\/11\/\u015apiewanie-Dla-Niepodleg\u0142ej-11-548x365.jpg 548w, https:\/\/zsce.pl\/wp-content\/uploads\/2018\/11\/\u015apiewanie-Dla-Niepodleg\u0142ej-11-768x512.jpg 768w, https:\/\/zsce.pl\/wp-content\/uploads\/2018\/11\/\u015apiewanie-Dla-Niepodleg\u0142ej-11-840x560.jpg 840w, https:\/\/zsce.pl\/wp-content\/uploads\/2018\/11\/\u015apiewanie-Dla-Niepodleg\u0142ej-11.jpg 1200w\" sizes=\"auto, (max-width: 548px) 100vw, 548px\" \/> <img loading=\"lazy\" decoding=\"async\" class=\"alignnone size-medium wp-image-1300 aligncenter\" src=\"http:\/\/zsce.pl\/wp-content\/uploads\/2018\/11\/\u015apiewanie-Dla-Niepodleg\u0142ej-9-548x365.jpg\" alt=\"\" width=\"548\" height=\"365\" srcset=\"https:\/\/zsce.pl\/wp-content\/uploads\/2018\/11\/\u015apiewanie-Dla-Niepodleg\u0142ej-9-548x365.jpg 548w, https:\/\/zsce.pl\/wp-content\/uploads\/2018\/11\/\u015apiewanie-Dla-Niepodleg\u0142ej-9-768x512.jpg 768w, https:\/\/zsce.pl\/wp-content\/uploads\/2018\/11\/\u015apiewanie-Dla-Niepodleg\u0142ej-9-840x560.jpg 840w, https:\/\/zsce.pl\/wp-content\/uploads\/2018\/11\/\u015apiewanie-Dla-Niepodleg\u0142ej-9.jpg 1200w\" sizes=\"auto, (max-width: 548px) 100vw, 548px\" \/> <img loading=\"lazy\" decoding=\"async\" class=\"alignnone size-medium wp-image-1299 aligncenter\" src=\"http:\/\/zsce.pl\/wp-content\/uploads\/2018\/11\/\u015apiewanie-Dla-Niepodleg\u0142ej-8-548x365.jpg\" alt=\"\" width=\"548\" height=\"365\" srcset=\"https:\/\/zsce.pl\/wp-content\/uploads\/2018\/11\/\u015apiewanie-Dla-Niepodleg\u0142ej-8-548x365.jpg 548w, https:\/\/zsce.pl\/wp-content\/uploads\/2018\/11\/\u015apiewanie-Dla-Niepodleg\u0142ej-8-768x512.jpg 768w, https:\/\/zsce.pl\/wp-content\/uploads\/2018\/11\/\u015apiewanie-Dla-Niepodleg\u0142ej-8-840x560.jpg 840w, https:\/\/zsce.pl\/wp-content\/uploads\/2018\/11\/\u015apiewanie-Dla-Niepodleg\u0142ej-8.jpg 1200w\" sizes=\"auto, (max-width: 548px) 100vw, 548px\" \/> <img loading=\"lazy\" decoding=\"async\" class=\"alignnone size-medium wp-image-1298 aligncenter\" src=\"http:\/\/zsce.pl\/wp-content\/uploads\/2018\/11\/\u015apiewanie-Dla-Niepodleg\u0142ej-7-548x365.jpg\" alt=\"\" width=\"548\" height=\"365\" srcset=\"https:\/\/zsce.pl\/wp-content\/uploads\/2018\/11\/\u015apiewanie-Dla-Niepodleg\u0142ej-7-548x365.jpg 548w, https:\/\/zsce.pl\/wp-content\/uploads\/2018\/11\/\u015apiewanie-Dla-Niepodleg\u0142ej-7-768x512.jpg 768w, https:\/\/zsce.pl\/wp-content\/uploads\/2018\/11\/\u015apiewanie-Dla-Niepodleg\u0142ej-7-840x560.jpg 840w, https:\/\/zsce.pl\/wp-content\/uploads\/2018\/11\/\u015apiewanie-Dla-Niepodleg\u0142ej-7.jpg 1200w\" sizes=\"auto, (max-width: 548px) 100vw, 548px\" \/> <img loading=\"lazy\" decoding=\"async\" class=\"alignnone size-medium wp-image-1297 aligncenter\" src=\"http:\/\/zsce.pl\/wp-content\/uploads\/2018\/11\/\u015apiewanie-Dla-Niepodleg\u0142ej-6-548x365.jpg\" alt=\"\" width=\"548\" height=\"365\" srcset=\"https:\/\/zsce.pl\/wp-content\/uploads\/2018\/11\/\u015apiewanie-Dla-Niepodleg\u0142ej-6-548x365.jpg 548w, https:\/\/zsce.pl\/wp-content\/uploads\/2018\/11\/\u015apiewanie-Dla-Niepodleg\u0142ej-6-768x512.jpg 768w, https:\/\/zsce.pl\/wp-content\/uploads\/2018\/11\/\u015apiewanie-Dla-Niepodleg\u0142ej-6-840x560.jpg 840w, https:\/\/zsce.pl\/wp-content\/uploads\/2018\/11\/\u015apiewanie-Dla-Niepodleg\u0142ej-6.jpg 1200w\" sizes=\"auto, (max-width: 548px) 100vw, 548px\" \/> <img loading=\"lazy\" decoding=\"async\" class=\"alignnone size-medium wp-image-1296 aligncenter\" src=\"http:\/\/zsce.pl\/wp-content\/uploads\/2018\/11\/\u015apiewanie-Dla-Niepodleg\u0142ej-5-548x365.jpg\" alt=\"\" width=\"548\" height=\"365\" srcset=\"https:\/\/zsce.pl\/wp-content\/uploads\/2018\/11\/\u015apiewanie-Dla-Niepodleg\u0142ej-5-548x365.jpg 548w, https:\/\/zsce.pl\/wp-content\/uploads\/2018\/11\/\u015apiewanie-Dla-Niepodleg\u0142ej-5-768x512.jpg 768w, https:\/\/zsce.pl\/wp-content\/uploads\/2018\/11\/\u015apiewanie-Dla-Niepodleg\u0142ej-5-840x560.jpg 840w, https:\/\/zsce.pl\/wp-content\/uploads\/2018\/11\/\u015apiewanie-Dla-Niepodleg\u0142ej-5.jpg 1200w\" sizes=\"auto, (max-width: 548px) 100vw, 548px\" \/> <img loading=\"lazy\" decoding=\"async\" class=\"alignnone size-medium wp-image-1295 aligncenter\" src=\"http:\/\/zsce.pl\/wp-content\/uploads\/2018\/11\/\u015apiewanie-Dla-Niepodleg\u0142ej-4-548x365.jpg\" alt=\"\" width=\"548\" height=\"365\" srcset=\"https:\/\/zsce.pl\/wp-content\/uploads\/2018\/11\/\u015apiewanie-Dla-Niepodleg\u0142ej-4-548x365.jpg 548w, https:\/\/zsce.pl\/wp-content\/uploads\/2018\/11\/\u015apiewanie-Dla-Niepodleg\u0142ej-4-768x512.jpg 768w, https:\/\/zsce.pl\/wp-content\/uploads\/2018\/11\/\u015apiewanie-Dla-Niepodleg\u0142ej-4-840x560.jpg 840w, https:\/\/zsce.pl\/wp-content\/uploads\/2018\/11\/\u015apiewanie-Dla-Niepodleg\u0142ej-4.jpg 1200w\" sizes=\"auto, (max-width: 548px) 100vw, 548px\" \/> <img loading=\"lazy\" decoding=\"async\" class=\"alignnone size-medium wp-image-1294 aligncenter\" src=\"http:\/\/zsce.pl\/wp-content\/uploads\/2018\/11\/\u015apiewanie-Dla-Niepodleg\u0142ej-3-548x365.jpg\" alt=\"\" width=\"548\" height=\"365\" srcset=\"https:\/\/zsce.pl\/wp-content\/uploads\/2018\/11\/\u015apiewanie-Dla-Niepodleg\u0142ej-3-548x365.jpg 548w, https:\/\/zsce.pl\/wp-content\/uploads\/2018\/11\/\u015apiewanie-Dla-Niepodleg\u0142ej-3-768x512.jpg 768w, https:\/\/zsce.pl\/wp-content\/uploads\/2018\/11\/\u015apiewanie-Dla-Niepodleg\u0142ej-3-840x560.jpg 840w, https:\/\/zsce.pl\/wp-content\/uploads\/2018\/11\/\u015apiewanie-Dla-Niepodleg\u0142ej-3.jpg 1200w\" sizes=\"auto, (max-width: 548px) 100vw, 548px\" \/> <img loading=\"lazy\" decoding=\"async\" class=\"alignnone size-medium wp-image-1293 aligncenter\" src=\"http:\/\/zsce.pl\/wp-content\/uploads\/2018\/11\/\u015apiewanie-Dla-Niepodleg\u0142ej-2-548x365.jpg\" alt=\"\" width=\"548\" height=\"365\" srcset=\"https:\/\/zsce.pl\/wp-content\/uploads\/2018\/11\/\u015apiewanie-Dla-Niepodleg\u0142ej-2-548x365.jpg 548w, https:\/\/zsce.pl\/wp-content\/uploads\/2018\/11\/\u015apiewanie-Dla-Niepodleg\u0142ej-2-768x512.jpg 768w, https:\/\/zsce.pl\/wp-content\/uploads\/2018\/11\/\u015apiewanie-Dla-Niepodleg\u0142ej-2-840x560.jpg 840w, https:\/\/zsce.pl\/wp-content\/uploads\/2018\/11\/\u015apiewanie-Dla-Niepodleg\u0142ej-2.jpg 1200w\" sizes=\"auto, (max-width: 548px) 100vw, 548px\" \/> <img loading=\"lazy\" decoding=\"async\" class=\"alignnone size-medium wp-image-1292 aligncenter\" src=\"http:\/\/zsce.pl\/wp-content\/uploads\/2018\/11\/\u015apiewanie-Dla-Niepodleg\u0142ej-1-548x365.jpg\" alt=\"\" width=\"548\" height=\"365\" srcset=\"https:\/\/zsce.pl\/wp-content\/uploads\/2018\/11\/\u015apiewanie-Dla-Niepodleg\u0142ej-1-548x365.jpg 548w, https:\/\/zsce.pl\/wp-content\/uploads\/2018\/11\/\u015apiewanie-Dla-Niepodleg\u0142ej-1-768x512.jpg 768w, https:\/\/zsce.pl\/wp-content\/uploads\/2018\/11\/\u015apiewanie-Dla-Niepodleg\u0142ej-1-840x560.jpg 840w, https:\/\/zsce.pl\/wp-content\/uploads\/2018\/11\/\u015apiewanie-Dla-Niepodleg\u0142ej-1.jpg 1200w\" sizes=\"auto, (max-width: 548px) 100vw, 548px\" \/><\/p>\n","protected":false},"excerpt":{"rendered":"<p>Akcja \u201eRekord dla Niepodleg\u0142ej\u201d organizowana przez MEN pi\u0105tek 9 listopada 2018r., godz. 11.11 &nbsp; &nbsp; Zgodnie z propozycj\u0105 Ministerstwa Edukacji Narodowej m\u0142odzie\u017c Zespo\u0142u Szk\u00f3\u0142 Centrum Edukacji im. Ignacego \u0141ukasiewicza w\u0142\u0105czy\u0142a si\u0119 w akcj\u0119 \u201eRekord dla Niepodleg\u0142ej\u201d. Ca\u0142a spo\u0142eczno\u015b\u0107 szkolna ch\u0119tnie przyst\u0105pi\u0142a do wsp\u00f3lnego od\u015bpiewania hymnu. Na placu przed budynkiem szko\u0142y 9 listopada 2018 r. o godzinie 11.11 zebrali si\u0119 wszyscy&hellip;<\/p>\n","protected":false},"author":1,"featured_media":0,"comment_status":"closed","ping_status":"closed","sticky":false,"template":"","format":"standard","meta":{"footnotes":""},"categories":[3],"tags":[],"class_list":["post-1278","post","type-post","status-publish","format-standard","hentry","category-aktualnosci"],"_links":{"self":[{"href":"https:\/\/zsce.pl\/index.php?rest_route=\/wp\/v2\/posts\/1278","targetHints":{"allow":["GET"]}}],"collection":[{"href":"https:\/\/zsce.pl\/index.php?rest_route=\/wp\/v2\/posts"}],"about":[{"href":"https:\/\/zsce.pl\/index.php?rest_route=\/wp\/v2\/types\/post"}],"author":[{"embeddable":true,"href":"https:\/\/zsce.pl\/index.php?rest_route=\/wp\/v2\/users\/1"}],"replies":[{"embeddable":true,"href":"https:\/\/zsce.pl\/index.php?rest_route=%2Fwp%2Fv2%2Fcomments&post=1278"}],"version-history":[{"count":5,"href":"https:\/\/zsce.pl\/index.php?rest_route=\/wp\/v2\/posts\/1278\/revisions"}],"predecessor-version":[{"id":1303,"href":"https:\/\/zsce.pl\/index.php?rest_route=\/wp\/v2\/posts\/1278\/revisions\/1303"}],"wp:attachment":[{"href":"https:\/\/zsce.pl\/index.php?rest_route=%2Fwp%2Fv2%2Fmedia&parent=1278"}],"wp:term":[{"taxonomy":"category","embeddable":true,"href":"https:\/\/zsce.pl\/index.php?rest_route=%2Fwp%2Fv2%2Fcategories&post=1278"},{"taxonomy":"post_tag","embeddable":true,"href":"https:\/\/zsce.pl\/index.php?rest_route=%2Fwp%2Fv2%2Ftags&post=1278"}],"curies":[{"name":"wp","href":"https:\/\/api.w.org\/{rel}","templated":true}]}}