{"id":1105,"date":"2018-09-15T11:43:00","date_gmt":"2018-09-15T10:43:00","guid":{"rendered":"http:\/\/zsce.pl\/?p=1105"},"modified":"2018-09-15T11:43:00","modified_gmt":"2018-09-15T10:43:00","slug":"zebrania-rodzicow-wrzesien-2018","status":"publish","type":"post","link":"https:\/\/zsce.pl\/?p=1105","title":{"rendered":"Zebrania rodzic\u00f3w &#8211; wrzesie\u0144 2018"},"content":{"rendered":"<p style=\"text-align: center;\"><strong>W poniedzia\u0142ek 17 wrze\u015bnia 2018 r. o godz. 16.00<\/strong><\/p>\n<p style=\"text-align: center;\"><strong>w Auli Szko\u0142y odb\u0119dzie si\u0119<\/strong><\/p>\n<p style=\"text-align: center;\"><strong><u>spotkanie rodzic\u00f3w uczni\u00f3w klas pierwszych<\/u><\/strong><\/p>\n<p style=\"text-align: center;\"><strong>V Liceum Og\u00f3lnokszta\u0142c\u0105cego i Technikum<\/strong><\/p>\n<p style=\"text-align: center;\"><strong>z Dyrekcj\u0105 Szko\u0142y.<\/strong><\/p>\n<p style=\"text-align: center;\"><strong><u>\u00a0<\/u><\/strong><\/p>\n<p style=\"text-align: center;\"><strong>Po zako\u0144czeniu spotkania w Auli<\/strong><\/p>\n<p style=\"text-align: center;\"><strong>odb\u0119d\u0105 si\u0119 zebrania z wychowawcami klas.<\/strong><\/p>\n<p style=\"text-align: center;\"><img loading=\"lazy\" decoding=\"async\" class=\"alignnone size-medium wp-image-1106\" src=\"http:\/\/zsce.pl\/wp-content\/uploads\/2018\/09\/01-443x365.jpg\" alt=\"\" width=\"443\" height=\"365\" srcset=\"https:\/\/zsce.pl\/wp-content\/uploads\/2018\/09\/01-443x365.jpg 443w, https:\/\/zsce.pl\/wp-content\/uploads\/2018\/09\/01-768x632.jpg 768w, https:\/\/zsce.pl\/wp-content\/uploads\/2018\/09\/01-840x692.jpg 840w, https:\/\/zsce.pl\/wp-content\/uploads\/2018\/09\/01.jpg 1075w\" sizes=\"auto, (max-width: 443px) 100vw, 443px\" \/><\/p>\n<p style=\"text-align: center;\">\n<p style=\"text-align: center;\"><strong>We wtorek 18 wrze\u015bnia 2018 r. o godz. 16.00<\/strong><\/p>\n<p style=\"text-align: center;\"><strong>odb\u0119d\u0105 si\u0119 zebrania z rodzicami uczni\u00f3w<\/strong><\/p>\n<p style=\"text-align: center;\"><strong>klas 2 V Liceum Og\u00f3lnokszta\u0142c\u0105cego<\/strong><\/p>\n<p style=\"text-align: center;\"><strong>oraz 2 i 3 Technikum.<\/strong><\/p>\n<p style=\"text-align: center;\"><img loading=\"lazy\" decoding=\"async\" class=\"alignnone  wp-image-1107\" src=\"http:\/\/zsce.pl\/wp-content\/uploads\/2018\/09\/02-396x365.jpg\" alt=\"\" width=\"449\" height=\"414\" srcset=\"https:\/\/zsce.pl\/wp-content\/uploads\/2018\/09\/02-396x365.jpg 396w, https:\/\/zsce.pl\/wp-content\/uploads\/2018\/09\/02-768x708.jpg 768w, https:\/\/zsce.pl\/wp-content\/uploads\/2018\/09\/02-840x775.jpg 840w, https:\/\/zsce.pl\/wp-content\/uploads\/2018\/09\/02.jpg 901w\" sizes=\"auto, (max-width: 449px) 100vw, 449px\" \/><\/p>\n<p style=\"text-align: center;\">\n","protected":false},"excerpt":{"rendered":"<p>W poniedzia\u0142ek 17 wrze\u015bnia 2018 r. o godz. 16.00 w Auli Szko\u0142y odb\u0119dzie si\u0119 spotkanie rodzic\u00f3w uczni\u00f3w klas pierwszych V Liceum Og\u00f3lnokszta\u0142c\u0105cego i Technikum z Dyrekcj\u0105 Szko\u0142y. \u00a0 Po zako\u0144czeniu spotkania w Auli odb\u0119d\u0105 si\u0119 zebrania z wychowawcami klas. We wtorek 18 wrze\u015bnia 2018 r. o godz. 16.00 odb\u0119d\u0105 si\u0119 zebrania z rodzicami uczni\u00f3w klas 2 V Liceum Og\u00f3lnokszta\u0142c\u0105cego oraz&hellip;<\/p>\n","protected":false},"author":1,"featured_media":0,"comment_status":"closed","ping_status":"closed","sticky":false,"template":"","format":"standard","meta":{"footnotes":""},"categories":[3],"tags":[],"class_list":["post-1105","post","type-post","status-publish","format-standard","hentry","category-aktualnosci"],"_links":{"self":[{"href":"https:\/\/zsce.pl\/index.php?rest_route=\/wp\/v2\/posts\/1105","targetHints":{"allow":["GET"]}}],"collection":[{"href":"https:\/\/zsce.pl\/index.php?rest_route=\/wp\/v2\/posts"}],"about":[{"href":"https:\/\/zsce.pl\/index.php?rest_route=\/wp\/v2\/types\/post"}],"author":[{"embeddable":true,"href":"https:\/\/zsce.pl\/index.php?rest_route=\/wp\/v2\/users\/1"}],"replies":[{"embeddable":true,"href":"https:\/\/zsce.pl\/index.php?rest_route=%2Fwp%2Fv2%2Fcomments&post=1105"}],"version-history":[{"count":1,"href":"https:\/\/zsce.pl\/index.php?rest_route=\/wp\/v2\/posts\/1105\/revisions"}],"predecessor-version":[{"id":1108,"href":"https:\/\/zsce.pl\/index.php?rest_route=\/wp\/v2\/posts\/1105\/revisions\/1108"}],"wp:attachment":[{"href":"https:\/\/zsce.pl\/index.php?rest_route=%2Fwp%2Fv2%2Fmedia&parent=1105"}],"wp:term":[{"taxonomy":"category","embeddable":true,"href":"https:\/\/zsce.pl\/index.php?rest_route=%2Fwp%2Fv2%2Fcategories&post=1105"},{"taxonomy":"post_tag","embeddable":true,"href":"https:\/\/zsce.pl\/index.php?rest_route=%2Fwp%2Fv2%2Ftags&post=1105"}],"curies":[{"name":"wp","href":"https:\/\/api.w.org\/{rel}","templated":true}]}}