{"id":1099,"date":"2018-08-31T12:36:03","date_gmt":"2018-08-31T11:36:03","guid":{"rendered":"http:\/\/zsce.pl\/?p=1099"},"modified":"2018-08-31T12:37:09","modified_gmt":"2018-08-31T11:37:09","slug":"inauguracja-roku-szkolnego-2018-2019","status":"publish","type":"post","link":"https:\/\/zsce.pl\/?p=1099","title":{"rendered":"Inauguracja roku szkolnego 2018\/2019"},"content":{"rendered":"<p><strong>Inauguracja roku szkolnego 2018\/2019 dla uczni\u00f3w klas pierwszych <\/strong><strong>V Liceum Og\u00f3lnokszta\u0142c\u0105cego i Technikum odb\u0119dzie si\u0119 w Auli Szko\u0142y o godz. 9<u><sup>00<\/sup><\/u>. <\/strong><\/p>\n<p>Nast\u0119pnie o godz. 9<u><sup>45<\/sup><\/u> odb\u0119dzie si\u0119 spotkanie uczni\u00f3w z wychowawcami w podanych salach lekcyjnych:<\/p>\n<p><img loading=\"lazy\" decoding=\"async\" class=\"size-medium wp-image-1100 aligncenter\" src=\"http:\/\/zsce.pl\/wp-content\/uploads\/2018\/08\/01-498x365.jpg\" alt=\"\" width=\"498\" height=\"365\" srcset=\"https:\/\/zsce.pl\/wp-content\/uploads\/2018\/08\/01-498x365.jpg 498w, https:\/\/zsce.pl\/wp-content\/uploads\/2018\/08\/01-768x563.jpg 768w, https:\/\/zsce.pl\/wp-content\/uploads\/2018\/08\/01.jpg 806w\" sizes=\"auto, (max-width: 498px) 100vw, 498px\" \/>Spotkanie uczni\u00f3w klas<strong> 2 i 3 V Liceum Og\u00f3lnokszta\u0142c\u0105cego <\/strong>oraz<strong> 2, 3 i 4 Technikum <\/strong>z wychowawcami odb\u0119dzie si\u0119 <strong>o godz. 9<u><sup>00<\/sup><\/u><\/strong> w podanych salach lekcyjnych:<\/p>\n<p><img loading=\"lazy\" decoding=\"async\" class=\"size-medium wp-image-1101 aligncenter\" src=\"http:\/\/zsce.pl\/wp-content\/uploads\/2018\/08\/02-445x365.jpg\" alt=\"\" width=\"445\" height=\"365\" srcset=\"https:\/\/zsce.pl\/wp-content\/uploads\/2018\/08\/02-445x365.jpg 445w, https:\/\/zsce.pl\/wp-content\/uploads\/2018\/08\/02-768x630.jpg 768w, https:\/\/zsce.pl\/wp-content\/uploads\/2018\/08\/02-840x689.jpg 840w, https:\/\/zsce.pl\/wp-content\/uploads\/2018\/08\/02.jpg 955w\" sizes=\"auto, (max-width: 445px) 100vw, 445px\" \/><\/p>\n","protected":false},"excerpt":{"rendered":"<p>Inauguracja roku szkolnego 2018\/2019 dla uczni\u00f3w klas pierwszych V Liceum Og\u00f3lnokszta\u0142c\u0105cego i Technikum odb\u0119dzie si\u0119 w Auli Szko\u0142y o godz. 900. Nast\u0119pnie o godz. 945 odb\u0119dzie si\u0119 spotkanie uczni\u00f3w z wychowawcami w podanych salach lekcyjnych: Spotkanie uczni\u00f3w klas 2 i 3 V Liceum Og\u00f3lnokszta\u0142c\u0105cego oraz 2, 3 i 4 Technikum z wychowawcami odb\u0119dzie si\u0119 o godz. 900 w podanych salach&hellip;<\/p>\n","protected":false},"author":1,"featured_media":0,"comment_status":"closed","ping_status":"closed","sticky":false,"template":"","format":"standard","meta":{"footnotes":""},"categories":[3],"tags":[],"class_list":["post-1099","post","type-post","status-publish","format-standard","hentry","category-aktualnosci"],"_links":{"self":[{"href":"https:\/\/zsce.pl\/index.php?rest_route=\/wp\/v2\/posts\/1099","targetHints":{"allow":["GET"]}}],"collection":[{"href":"https:\/\/zsce.pl\/index.php?rest_route=\/wp\/v2\/posts"}],"about":[{"href":"https:\/\/zsce.pl\/index.php?rest_route=\/wp\/v2\/types\/post"}],"author":[{"embeddable":true,"href":"https:\/\/zsce.pl\/index.php?rest_route=\/wp\/v2\/users\/1"}],"replies":[{"embeddable":true,"href":"https:\/\/zsce.pl\/index.php?rest_route=%2Fwp%2Fv2%2Fcomments&post=1099"}],"version-history":[{"count":2,"href":"https:\/\/zsce.pl\/index.php?rest_route=\/wp\/v2\/posts\/1099\/revisions"}],"predecessor-version":[{"id":1103,"href":"https:\/\/zsce.pl\/index.php?rest_route=\/wp\/v2\/posts\/1099\/revisions\/1103"}],"wp:attachment":[{"href":"https:\/\/zsce.pl\/index.php?rest_route=%2Fwp%2Fv2%2Fmedia&parent=1099"}],"wp:term":[{"taxonomy":"category","embeddable":true,"href":"https:\/\/zsce.pl\/index.php?rest_route=%2Fwp%2Fv2%2Fcategories&post=1099"},{"taxonomy":"post_tag","embeddable":true,"href":"https:\/\/zsce.pl\/index.php?rest_route=%2Fwp%2Fv2%2Ftags&post=1099"}],"curies":[{"name":"wp","href":"https:\/\/api.w.org\/{rel}","templated":true}]}}