{"id":1034,"date":"2018-06-20T21:21:56","date_gmt":"2018-06-20T20:21:56","guid":{"rendered":"http:\/\/zsce.pl\/?p=1034"},"modified":"2018-06-20T21:21:56","modified_gmt":"2018-06-20T20:21:56","slug":"uroczystosc-zakonczenia-roku-szkolnego-2017-2018","status":"publish","type":"post","link":"https:\/\/zsce.pl\/?p=1034","title":{"rendered":"Uroczysto\u015b\u0107 zako\u0144czenia roku szkolnego 2017\/2018"},"content":{"rendered":"<p><strong>Uroczysto\u015b\u0107 zako\u0144czenia roku szkolnego 2017\/2018 <\/strong><strong>odb\u0119dzie si\u0119 22 czerwca 2018 r. o godz. 9.00<sup>\u00a0 <\/sup>w Auli Szko\u0142y. <\/strong><\/p>\n<p><strong>Bior\u0105 w niej udzia\u0142 uczniowie klas 1 V LO i Technikum oraz uczniowie klas starszych, kt\u00f3rzy otrzymaj\u0105 nagrody ksi\u0105\u017ckowe.<\/strong><\/p>\n<p><strong>W uroczysto\u015bci <u>nie uczestnicz\u0105<\/u> uczniowie klas starszych, kt\u00f3rzy otrzymaj\u0105 stypendium za osi\u0105gni\u0119cia naukowe i sportowe (bez nagr\u00f3d ksi\u0105\u017ckowych).<\/strong><\/p>\n<p><strong>\u00a0<\/strong>Uczniowie zajmuj\u0105 miejsca w Auli Szko\u0142y w nast\u0119puj\u0105cym porz\u0105dku:<\/p>\n<p style=\"text-align: center;\"><strong>AULA D\u00d3\u0141<\/strong><\/p>\n<p><img loading=\"lazy\" decoding=\"async\" class=\"size-full wp-image-1035 aligncenter\" src=\"http:\/\/zsce.pl\/wp-content\/uploads\/2018\/06\/1.jpg\" alt=\"\" width=\"584\" height=\"418\" srcset=\"https:\/\/zsce.pl\/wp-content\/uploads\/2018\/06\/1.jpg 584w, https:\/\/zsce.pl\/wp-content\/uploads\/2018\/06\/1-510x365.jpg 510w, https:\/\/zsce.pl\/wp-content\/uploads\/2018\/06\/1-240x172.jpg 240w\" sizes=\"auto, (max-width: 584px) 100vw, 584px\" \/><\/p>\n<p style=\"text-align: center;\"><strong>AULA G\u00d3RA<\/strong><\/p>\n<p><img loading=\"lazy\" decoding=\"async\" class=\"size-full wp-image-1036 aligncenter\" src=\"http:\/\/zsce.pl\/wp-content\/uploads\/2018\/06\/2.jpg\" alt=\"\" width=\"592\" height=\"208\" \/><\/p>\n<p style=\"text-align: center;\"><strong>UCZNIAMI OPIEKUJ\u0104 SI\u0118 WYCHOWAWCY KLAS.<\/strong><\/p>\n<p style=\"text-align: center;\"><strong>\u00a0<\/strong><strong>Uczniami, kt\u00f3rzy otrzymaj\u0105 nagrody opiekuj\u0105 si\u0119:<br \/>\n<\/strong><strong>Stempi\u0144ska Bogumi\u0142a, Kami\u0144ska Hanna<\/strong><\/p>\n<h3 style=\"text-align: center;\"><strong>Spotkanie uczni\u00f3w z wychowawcami odb\u0119dzie si\u0119 o godz. 10.00<\/strong><\/h3>\n<h3 style=\"text-align: center;\"><strong>w podanych salach lekcyjnych:<\/strong><\/h3>\n<p><img loading=\"lazy\" decoding=\"async\" class=\"size-full wp-image-1037 aligncenter\" src=\"http:\/\/zsce.pl\/wp-content\/uploads\/2018\/06\/3.jpg\" alt=\"\" width=\"658\" height=\"632\" srcset=\"https:\/\/zsce.pl\/wp-content\/uploads\/2018\/06\/3.jpg 658w, https:\/\/zsce.pl\/wp-content\/uploads\/2018\/06\/3-380x365.jpg 380w\" sizes=\"auto, (max-width: 658px) 100vw, 658px\" \/><\/p>\n<p style=\"text-align: center;\"><strong>Klasa 2A o godz. 8.30<\/strong><\/p>\n<p><img loading=\"lazy\" decoding=\"async\" class=\"wp-image-1038 aligncenter\" src=\"http:\/\/zsce.pl\/wp-content\/uploads\/2018\/06\/Zrzut-ekranu-2018-06-20-o-22.20.51.png\" alt=\"\" width=\"664\" height=\"79\" \/><\/p>\n","protected":false},"excerpt":{"rendered":"<p>Uroczysto\u015b\u0107 zako\u0144czenia roku szkolnego 2017\/2018 odb\u0119dzie si\u0119 22 czerwca 2018 r. o godz. 9.00\u00a0 w Auli Szko\u0142y. Bior\u0105 w niej udzia\u0142 uczniowie klas 1 V LO i Technikum oraz uczniowie klas starszych, kt\u00f3rzy otrzymaj\u0105 nagrody ksi\u0105\u017ckowe. W uroczysto\u015bci nie uczestnicz\u0105 uczniowie klas starszych, kt\u00f3rzy otrzymaj\u0105 stypendium za osi\u0105gni\u0119cia naukowe i sportowe (bez nagr\u00f3d ksi\u0105\u017ckowych). \u00a0Uczniowie zajmuj\u0105 miejsca w Auli Szko\u0142y&hellip;<\/p>\n","protected":false},"author":1,"featured_media":0,"comment_status":"closed","ping_status":"closed","sticky":false,"template":"","format":"standard","meta":{"footnotes":""},"categories":[3],"tags":[],"class_list":["post-1034","post","type-post","status-publish","format-standard","hentry","category-aktualnosci"],"_links":{"self":[{"href":"https:\/\/zsce.pl\/index.php?rest_route=\/wp\/v2\/posts\/1034","targetHints":{"allow":["GET"]}}],"collection":[{"href":"https:\/\/zsce.pl\/index.php?rest_route=\/wp\/v2\/posts"}],"about":[{"href":"https:\/\/zsce.pl\/index.php?rest_route=\/wp\/v2\/types\/post"}],"author":[{"embeddable":true,"href":"https:\/\/zsce.pl\/index.php?rest_route=\/wp\/v2\/users\/1"}],"replies":[{"embeddable":true,"href":"https:\/\/zsce.pl\/index.php?rest_route=%2Fwp%2Fv2%2Fcomments&post=1034"}],"version-history":[{"count":1,"href":"https:\/\/zsce.pl\/index.php?rest_route=\/wp\/v2\/posts\/1034\/revisions"}],"predecessor-version":[{"id":1039,"href":"https:\/\/zsce.pl\/index.php?rest_route=\/wp\/v2\/posts\/1034\/revisions\/1039"}],"wp:attachment":[{"href":"https:\/\/zsce.pl\/index.php?rest_route=%2Fwp%2Fv2%2Fmedia&parent=1034"}],"wp:term":[{"taxonomy":"category","embeddable":true,"href":"https:\/\/zsce.pl\/index.php?rest_route=%2Fwp%2Fv2%2Fcategories&post=1034"},{"taxonomy":"post_tag","embeddable":true,"href":"https:\/\/zsce.pl\/index.php?rest_route=%2Fwp%2Fv2%2Ftags&post=1034"}],"curies":[{"name":"wp","href":"https:\/\/api.w.org\/{rel}","templated":true}]}}